{"id":50112,"date":"2025-11-19T11:31:51","date_gmt":"2025-11-19T14:31:51","guid":{"rendered":"http:\/\/masquenoticiastucuman.com.ar\/?p=50112"},"modified":"2025-11-19T11:31:51","modified_gmt":"2025-11-19T14:31:51","slug":"israel-obliga-a-los-jovenes-ortodoxos-a-sumarse-al-ejercito-le-iniciaran-acciones-penales-a-los-que-esquiven-el-servicio-militar-obligatorio","status":"publish","type":"post","link":"https:\/\/masquenoticiastucuman.com.ar\/?p=50112","title":{"rendered":"Israel obliga a los j\u00f3venes ortodoxos a sumarse al Ej\u00e9rcito: le iniciar\u00e1n acciones penales a los que esquiven el servicio militar obligatorio"},"content":{"rendered":"<ul>\n<li>As\u00ed lo orden\u00f3 el Tribunal Superior de Justicia.<\/li>\n<li>Estiman que las Fuerzas de Defensa de Israel (FDI) necesitan unos 12 mil soldados extra. <\/li>\n<\/ul>\n<p>\u200bAs\u00ed lo orden\u00f3 el Tribunal Superior de Justicia.Estiman que las Fuerzas de Defensa de Israel (FDI) necesitan unos 12 mil soldados extra.\u00a0<a href=\"https:\/\/www.clarin.com\/mundo\/israel-obliga-jovenes-ortodoxos-sumarse-ejercito-iniciaran-acciones-penales-esquiven-servicio-militar-obligatorio_0_5aTbKThqTK.html\" target=\"_blank\" class=\"feedzy-rss-link-icon\">Read More<\/a><\/p>","protected":false},"excerpt":{"rendered":"<p>As\u00ed lo orden\u00f3 el Tribunal Superior de Justicia. Estiman que las Fuerzas de Defensa de&#8230;<\/p>\n","protected":false},"author":1,"featured_media":50113,"comment_status":"open","ping_status":"open","sticky":false,"template":"","format":"standard","meta":{"footnotes":""},"categories":[4],"tags":[],"class_list":["post-50112","post","type-post","status-publish","format-standard","has-post-thumbnail","hentry","category-internacionales"],"_links":{"self":[{"href":"https:\/\/masquenoticiastucuman.com.ar\/index.php?rest_route=\/wp\/v2\/posts\/50112","targetHints":{"allow":["GET"]}}],"collection":[{"href":"https:\/\/masquenoticiastucuman.com.ar\/index.php?rest_route=\/wp\/v2\/posts"}],"about":[{"href":"https:\/\/masquenoticiastucuman.com.ar\/index.php?rest_route=\/wp\/v2\/types\/post"}],"author":[{"embeddable":true,"href":"https:\/\/masquenoticiastucuman.com.ar\/index.php?rest_route=\/wp\/v2\/users\/1"}],"replies":[{"embeddable":true,"href":"https:\/\/masquenoticiastucuman.com.ar\/index.php?rest_route=%2Fwp%2Fv2%2Fcomments&post=50112"}],"version-history":[{"count":0,"href":"https:\/\/masquenoticiastucuman.com.ar\/index.php?rest_route=\/wp\/v2\/posts\/50112\/revisions"}],"wp:featuredmedia":[{"embeddable":true,"href":"https:\/\/masquenoticiastucuman.com.ar\/index.php?rest_route=\/wp\/v2\/media\/50113"}],"wp:attachment":[{"href":"https:\/\/masquenoticiastucuman.com.ar\/index.php?rest_route=%2Fwp%2Fv2%2Fmedia&parent=50112"}],"wp:term":[{"taxonomy":"category","embeddable":true,"href":"https:\/\/masquenoticiastucuman.com.ar\/index.php?rest_route=%2Fwp%2Fv2%2Fcategories&post=50112"},{"taxonomy":"post_tag","embeddable":true,"href":"https:\/\/masquenoticiastucuman.com.ar\/index.php?rest_route=%2Fwp%2Fv2%2Ftags&post=50112"}],"curies":[{"name":"wp","href":"https:\/\/api.w.org\/{rel}","templated":true}]}}