{"id":50115,"date":"2025-11-19T10:50:26","date_gmt":"2025-11-19T13:50:26","guid":{"rendered":"http:\/\/masquenoticiastucuman.com.ar\/?p=50115"},"modified":"2025-11-19T10:50:26","modified_gmt":"2025-11-19T13:50:26","slug":"la-traviata-en-el-colon-un-cierre-de-la-temporada-lirica-2025-fuerte-y-al-medio","status":"publish","type":"post","link":"https:\/\/masquenoticiastucuman.com.ar\/?p=50115","title":{"rendered":"La Traviata en el Col\u00f3n: un cierre de la temporada l\u00edrica 2025 fuerte y al medio"},"content":{"rendered":"<ul>\n<li>La \u00f3pera de Verdi es siempre convocante y efectiva si tiene un buen tr\u00edo protag\u00f3nico, una direcci\u00f3n musical s\u00f3lida y buenos cuerpos estables. Cosa que aqu\u00ed ocurri\u00f3.<\/li>\n<\/ul>\n<p>\u200bLa \u00f3pera de Verdi es siempre convocante y efectiva si tiene un buen tr\u00edo protag\u00f3nico, una direcci\u00f3n musical s\u00f3lida y buenos cuerpos estables. Cosa que aqu\u00ed ocurri\u00f3.\u00a0<a href=\"https:\/\/www.clarin.com\/espectaculos\/traviata-colon-cierre-temporada-lirica-2025-fuerte-medio_0_Zu3YJYvEwL.html\" target=\"_blank\" class=\"feedzy-rss-link-icon\">Read More<\/a><\/p>","protected":false},"excerpt":{"rendered":"<p>La \u00f3pera de Verdi es siempre convocante y efectiva si tiene un buen tr\u00edo protag\u00f3nico,&#8230;<\/p>\n","protected":false},"author":1,"featured_media":50116,"comment_status":"open","ping_status":"open","sticky":false,"template":"","format":"standard","meta":{"footnotes":""},"categories":[5],"tags":[],"class_list":["post-50115","post","type-post","status-publish","format-standard","has-post-thumbnail","hentry","category-espectaculo"],"_links":{"self":[{"href":"https:\/\/masquenoticiastucuman.com.ar\/index.php?rest_route=\/wp\/v2\/posts\/50115","targetHints":{"allow":["GET"]}}],"collection":[{"href":"https:\/\/masquenoticiastucuman.com.ar\/index.php?rest_route=\/wp\/v2\/posts"}],"about":[{"href":"https:\/\/masquenoticiastucuman.com.ar\/index.php?rest_route=\/wp\/v2\/types\/post"}],"author":[{"embeddable":true,"href":"https:\/\/masquenoticiastucuman.com.ar\/index.php?rest_route=\/wp\/v2\/users\/1"}],"replies":[{"embeddable":true,"href":"https:\/\/masquenoticiastucuman.com.ar\/index.php?rest_route=%2Fwp%2Fv2%2Fcomments&post=50115"}],"version-history":[{"count":0,"href":"https:\/\/masquenoticiastucuman.com.ar\/index.php?rest_route=\/wp\/v2\/posts\/50115\/revisions"}],"wp:featuredmedia":[{"embeddable":true,"href":"https:\/\/masquenoticiastucuman.com.ar\/index.php?rest_route=\/wp\/v2\/media\/50116"}],"wp:attachment":[{"href":"https:\/\/masquenoticiastucuman.com.ar\/index.php?rest_route=%2Fwp%2Fv2%2Fmedia&parent=50115"}],"wp:term":[{"taxonomy":"category","embeddable":true,"href":"https:\/\/masquenoticiastucuman.com.ar\/index.php?rest_route=%2Fwp%2Fv2%2Fcategories&post=50115"},{"taxonomy":"post_tag","embeddable":true,"href":"https:\/\/masquenoticiastucuman.com.ar\/index.php?rest_route=%2Fwp%2Fv2%2Ftags&post=50115"}],"curies":[{"name":"wp","href":"https:\/\/api.w.org\/{rel}","templated":true}]}}