{"id":50117,"date":"2025-11-19T12:21:14","date_gmt":"2025-11-19T15:21:14","guid":{"rendered":"http:\/\/masquenoticiastucuman.com.ar\/?p=50117"},"modified":"2025-11-19T12:21:14","modified_gmt":"2025-11-19T15:21:14","slug":"como-es-la-china-suarez-vengativa-que-ya-se-puede-ver-en-disney","status":"publish","type":"post","link":"https:\/\/masquenoticiastucuman.com.ar\/?p=50117","title":{"rendered":"C\u00f3mo es la &#8220;China Su\u00e1rez vengativa&#8221; que ya se puede ver en Disney+"},"content":{"rendered":"<ul>\n<li>Finalmente se estren\u00f3 &#8220;Hija del fuego: la venganza de la bastarda&#8221;, la serie que produjo Adri\u00e1n Suar con la actriz m\u00e1s pol\u00e9mica del momento.<\/li>\n<li>En la ficci\u00f3n, la ex &#8220;Casi \u00e1ngeles&#8221; se corre de su figura medi\u00e1tica para encarnar a una mujer herida y calculadora que convierte el rencor en motor narrativo<\/li>\n<\/ul>\n<p>\u200bFinalmente se estren\u00f3 &#8220;Hija del fuego: la venganza de la bastarda&#8221;, la serie que produjo Adri\u00e1n Suar con la actriz m\u00e1s pol\u00e9mica del momento.En la ficci\u00f3n, la ex &#8220;Casi \u00e1ngeles&#8221; se corre de su figura medi\u00e1tica para encarnar a una mujer herida y calculadora que convierte el rencor en motor narrativo\u00a0<a href=\"https:\/\/www.clarin.com\/espectaculos\/china-suarez-vengativa-puede-ver-disney_0_h34jm11n1S.html\" target=\"_blank\" class=\"feedzy-rss-link-icon\">Read More<\/a><\/p>","protected":false},"excerpt":{"rendered":"<p>Finalmente se estren\u00f3 &#8220;Hija del fuego: la venganza de la bastarda&#8221;, la serie que produjo&#8230;<\/p>\n","protected":false},"author":1,"featured_media":50118,"comment_status":"open","ping_status":"open","sticky":false,"template":"","format":"standard","meta":{"footnotes":""},"categories":[5],"tags":[],"class_list":["post-50117","post","type-post","status-publish","format-standard","has-post-thumbnail","hentry","category-espectaculo"],"_links":{"self":[{"href":"https:\/\/masquenoticiastucuman.com.ar\/index.php?rest_route=\/wp\/v2\/posts\/50117","targetHints":{"allow":["GET"]}}],"collection":[{"href":"https:\/\/masquenoticiastucuman.com.ar\/index.php?rest_route=\/wp\/v2\/posts"}],"about":[{"href":"https:\/\/masquenoticiastucuman.com.ar\/index.php?rest_route=\/wp\/v2\/types\/post"}],"author":[{"embeddable":true,"href":"https:\/\/masquenoticiastucuman.com.ar\/index.php?rest_route=\/wp\/v2\/users\/1"}],"replies":[{"embeddable":true,"href":"https:\/\/masquenoticiastucuman.com.ar\/index.php?rest_route=%2Fwp%2Fv2%2Fcomments&post=50117"}],"version-history":[{"count":0,"href":"https:\/\/masquenoticiastucuman.com.ar\/index.php?rest_route=\/wp\/v2\/posts\/50117\/revisions"}],"wp:featuredmedia":[{"embeddable":true,"href":"https:\/\/masquenoticiastucuman.com.ar\/index.php?rest_route=\/wp\/v2\/media\/50118"}],"wp:attachment":[{"href":"https:\/\/masquenoticiastucuman.com.ar\/index.php?rest_route=%2Fwp%2Fv2%2Fmedia&parent=50117"}],"wp:term":[{"taxonomy":"category","embeddable":true,"href":"https:\/\/masquenoticiastucuman.com.ar\/index.php?rest_route=%2Fwp%2Fv2%2Fcategories&post=50117"},{"taxonomy":"post_tag","embeddable":true,"href":"https:\/\/masquenoticiastucuman.com.ar\/index.php?rest_route=%2Fwp%2Fv2%2Ftags&post=50117"}],"curies":[{"name":"wp","href":"https:\/\/api.w.org\/{rel}","templated":true}]}}