{"id":50119,"date":"2025-11-19T13:01:33","date_gmt":"2025-11-19T16:01:33","guid":{"rendered":"http:\/\/masquenoticiastucuman.com.ar\/?p=50119"},"modified":"2025-11-19T13:01:33","modified_gmt":"2025-11-19T16:01:33","slug":"melania-se-pasa-al-verde-saudi","status":"publish","type":"post","link":"https:\/\/masquenoticiastucuman.com.ar\/?p=50119","title":{"rendered":"Melania se pasa al verde saud\u00ed"},"content":{"rendered":"<ul>\n<li>Luci\u00f3 un vestido de ese color durante la gala en honor al pr\u00edncipe Mohammed Bin Salman. <\/li>\n<li>Un gesto imposible de pasar por alto en medio del mar de esm\u00f3quines negros en la cena.<\/li>\n<\/ul>\n<p>\u200bLuci\u00f3 un vestido de ese color durante la gala en honor al pr\u00edncipe Mohammed Bin Salman. Un gesto imposible de pasar por alto en medio del mar de esm\u00f3quines negros en la cena.\u00a0<a href=\"https:\/\/www.clarin.com\/new-york-times-international-weekly\/melania-pasa-verde-saudi_0_SvOAzxDsHs.html\" target=\"_blank\" class=\"feedzy-rss-link-icon\">Read More<\/a><\/p>","protected":false},"excerpt":{"rendered":"<p>Luci\u00f3 un vestido de ese color durante la gala en honor al pr\u00edncipe Mohammed Bin&#8230;<\/p>\n","protected":false},"author":1,"featured_media":50120,"comment_status":"open","ping_status":"open","sticky":false,"template":"","format":"standard","meta":{"footnotes":""},"categories":[4],"tags":[],"class_list":["post-50119","post","type-post","status-publish","format-standard","has-post-thumbnail","hentry","category-internacionales"],"_links":{"self":[{"href":"https:\/\/masquenoticiastucuman.com.ar\/index.php?rest_route=\/wp\/v2\/posts\/50119","targetHints":{"allow":["GET"]}}],"collection":[{"href":"https:\/\/masquenoticiastucuman.com.ar\/index.php?rest_route=\/wp\/v2\/posts"}],"about":[{"href":"https:\/\/masquenoticiastucuman.com.ar\/index.php?rest_route=\/wp\/v2\/types\/post"}],"author":[{"embeddable":true,"href":"https:\/\/masquenoticiastucuman.com.ar\/index.php?rest_route=\/wp\/v2\/users\/1"}],"replies":[{"embeddable":true,"href":"https:\/\/masquenoticiastucuman.com.ar\/index.php?rest_route=%2Fwp%2Fv2%2Fcomments&post=50119"}],"version-history":[{"count":0,"href":"https:\/\/masquenoticiastucuman.com.ar\/index.php?rest_route=\/wp\/v2\/posts\/50119\/revisions"}],"wp:featuredmedia":[{"embeddable":true,"href":"https:\/\/masquenoticiastucuman.com.ar\/index.php?rest_route=\/wp\/v2\/media\/50120"}],"wp:attachment":[{"href":"https:\/\/masquenoticiastucuman.com.ar\/index.php?rest_route=%2Fwp%2Fv2%2Fmedia&parent=50119"}],"wp:term":[{"taxonomy":"category","embeddable":true,"href":"https:\/\/masquenoticiastucuman.com.ar\/index.php?rest_route=%2Fwp%2Fv2%2Fcategories&post=50119"},{"taxonomy":"post_tag","embeddable":true,"href":"https:\/\/masquenoticiastucuman.com.ar\/index.php?rest_route=%2Fwp%2Fv2%2Ftags&post=50119"}],"curies":[{"name":"wp","href":"https:\/\/api.w.org\/{rel}","templated":true}]}}