{"id":50121,"date":"2025-11-19T13:13:53","date_gmt":"2025-11-19T16:13:53","guid":{"rendered":"http:\/\/masquenoticiastucuman.com.ar\/?p=50121"},"modified":"2025-11-19T13:13:53","modified_gmt":"2025-11-19T16:13:53","slug":"el-milagro-curazao-el-plan-secreto-de-la-islita-que-le-robo-todos-sus-jugadores-a-paises-bajos-y-se-metio-en-el-mundial-2026","status":"publish","type":"post","link":"https:\/\/masquenoticiastucuman.com.ar\/?p=50121","title":{"rendered":"El milagro Curazao: el plan secreto de la islita que &#8220;le rob\u00f3&#8221; todos sus jugadores a Pa\u00edses Bajos y se meti\u00f3 en el Mundial 2026"},"content":{"rendered":"<ul>\n<li>De los 24 jugadores que convoc\u00f3 su DT, ninguno naci\u00f3 en su territorio.<\/li>\n<li>Gracias un proceso de m\u00e1s de 20 a\u00f1os que arranc\u00f3 Patrick Kluivert y sigui\u00f3 con Guus Hiddink estuvieron cerca de meterse en Qatar.<\/li>\n<li>Este martes coronaron en la capital de Jamaica y aseguraron su boleto a la pr\u00f3xima Copa del Mundo.<\/li>\n<\/ul>\n<p>\u200bDe los 24 jugadores que convoc\u00f3 su DT, ninguno naci\u00f3 en su territorio.Gracias un proceso de m\u00e1s de 20 a\u00f1os que arranc\u00f3 Patrick Kluivert y sigui\u00f3 con Guus Hiddink estuvieron cerca de meterse en Qatar.Este martes coronaron en la capital de Jamaica y aseguraron su boleto a la pr\u00f3xima Copa del Mundo.\u00a0<a href=\"https:\/\/www.clarin.com\/deportes\/milagro-curazao-plan-secreto-islita-robo-jugadores-paises-bajos-metio-mundial-2026_0_ceIXUGUf7X.html\" target=\"_blank\" class=\"feedzy-rss-link-icon\">Read More<\/a><\/p>","protected":false},"excerpt":{"rendered":"<p>De los 24 jugadores que convoc\u00f3 su DT, ninguno naci\u00f3 en su territorio. Gracias un&#8230;<\/p>\n","protected":false},"author":1,"featured_media":0,"comment_status":"open","ping_status":"open","sticky":false,"template":"","format":"standard","meta":{"footnotes":""},"categories":[6],"tags":[],"class_list":["post-50121","post","type-post","status-publish","format-standard","has-post-thumbnail","hentry","category-deportes"],"_links":{"self":[{"href":"https:\/\/masquenoticiastucuman.com.ar\/index.php?rest_route=\/wp\/v2\/posts\/50121","targetHints":{"allow":["GET"]}}],"collection":[{"href":"https:\/\/masquenoticiastucuman.com.ar\/index.php?rest_route=\/wp\/v2\/posts"}],"about":[{"href":"https:\/\/masquenoticiastucuman.com.ar\/index.php?rest_route=\/wp\/v2\/types\/post"}],"author":[{"embeddable":true,"href":"https:\/\/masquenoticiastucuman.com.ar\/index.php?rest_route=\/wp\/v2\/users\/1"}],"replies":[{"embeddable":true,"href":"https:\/\/masquenoticiastucuman.com.ar\/index.php?rest_route=%2Fwp%2Fv2%2Fcomments&post=50121"}],"version-history":[{"count":0,"href":"https:\/\/masquenoticiastucuman.com.ar\/index.php?rest_route=\/wp\/v2\/posts\/50121\/revisions"}],"wp:attachment":[{"href":"https:\/\/masquenoticiastucuman.com.ar\/index.php?rest_route=%2Fwp%2Fv2%2Fmedia&parent=50121"}],"wp:term":[{"taxonomy":"category","embeddable":true,"href":"https:\/\/masquenoticiastucuman.com.ar\/index.php?rest_route=%2Fwp%2Fv2%2Fcategories&post=50121"},{"taxonomy":"post_tag","embeddable":true,"href":"https:\/\/masquenoticiastucuman.com.ar\/index.php?rest_route=%2Fwp%2Fv2%2Ftags&post=50121"}],"curies":[{"name":"wp","href":"https:\/\/api.w.org\/{rel}","templated":true}]}}