{"id":50124,"date":"2025-11-19T15:20:17","date_gmt":"2025-11-19T18:20:17","guid":{"rendered":"http:\/\/masquenoticiastucuman.com.ar\/?p=50124"},"modified":"2025-11-19T15:20:17","modified_gmt":"2025-11-19T18:20:17","slug":"la-logistica-y-los-impuestos-nos-ponen-en-una-situacion-desventajosa-el-diagnostico-de-la-camara-de-alimentos-y-bebidas-ante-la-agresiva-apertura-de-mercados","status":"publish","type":"post","link":"https:\/\/masquenoticiastucuman.com.ar\/?p=50124","title":{"rendered":"\u201cLa log\u00edstica y los impuestos nos ponen en una situaci\u00f3n desventajosa\u201d: el diagn\u00f3stico de la c\u00e1mara de alimentos y bebidas ante la &#8220;agresiva&#8221; apertura de mercados"},"content":{"rendered":"<ul>\n<li>Innovaci\u00f3n, presi\u00f3n impositiva, log\u00edstica e infraestructura marcaron la agenda de Conectagro 2025, evento que organiz\u00f3 Bayer.<\/li>\n<li>Carla Mart\u00edn Bonito pidi\u00f3 impulsar una \u201cinnovaci\u00f3n en red\u201d y advirti\u00f3 sobre los costos log\u00edsticos y tributarios que frenan la competitividad.<\/li>\n<\/ul>\n<p>\u200bInnovaci\u00f3n, presi\u00f3n impositiva, log\u00edstica e infraestructura marcaron la agenda de Conectagro 2025, evento que organiz\u00f3 Bayer.Carla Mart\u00edn Bonito pidi\u00f3 impulsar una \u201cinnovaci\u00f3n en red\u201d y advirti\u00f3 sobre los costos log\u00edsticos y tributarios que frenan la competitividad.\u00a0<a href=\"https:\/\/www.clarin.com\/rural\/logistica-impuestos-ponen-situacion-desventajosa-diagnostico-camara-alimentos-bebidas-agresiva-apertura-mercados_0_BfWk4XzBBe.html\" target=\"_blank\" class=\"feedzy-rss-link-icon\">Read More<\/a><\/p>","protected":false},"excerpt":{"rendered":"<p>Innovaci\u00f3n, presi\u00f3n impositiva, log\u00edstica e infraestructura marcaron la agenda de Conectagro 2025, evento que organiz\u00f3&#8230;<\/p>\n","protected":false},"author":1,"featured_media":0,"comment_status":"open","ping_status":"open","sticky":false,"template":"","format":"standard","meta":{"footnotes":""},"categories":[3],"tags":[],"class_list":["post-50124","post","type-post","status-publish","format-standard","has-post-thumbnail","hentry","category-nacionales"],"_links":{"self":[{"href":"https:\/\/masquenoticiastucuman.com.ar\/index.php?rest_route=\/wp\/v2\/posts\/50124","targetHints":{"allow":["GET"]}}],"collection":[{"href":"https:\/\/masquenoticiastucuman.com.ar\/index.php?rest_route=\/wp\/v2\/posts"}],"about":[{"href":"https:\/\/masquenoticiastucuman.com.ar\/index.php?rest_route=\/wp\/v2\/types\/post"}],"author":[{"embeddable":true,"href":"https:\/\/masquenoticiastucuman.com.ar\/index.php?rest_route=\/wp\/v2\/users\/1"}],"replies":[{"embeddable":true,"href":"https:\/\/masquenoticiastucuman.com.ar\/index.php?rest_route=%2Fwp%2Fv2%2Fcomments&post=50124"}],"version-history":[{"count":0,"href":"https:\/\/masquenoticiastucuman.com.ar\/index.php?rest_route=\/wp\/v2\/posts\/50124\/revisions"}],"wp:attachment":[{"href":"https:\/\/masquenoticiastucuman.com.ar\/index.php?rest_route=%2Fwp%2Fv2%2Fmedia&parent=50124"}],"wp:term":[{"taxonomy":"category","embeddable":true,"href":"https:\/\/masquenoticiastucuman.com.ar\/index.php?rest_route=%2Fwp%2Fv2%2Fcategories&post=50124"},{"taxonomy":"post_tag","embeddable":true,"href":"https:\/\/masquenoticiastucuman.com.ar\/index.php?rest_route=%2Fwp%2Fv2%2Ftags&post=50124"}],"curies":[{"name":"wp","href":"https:\/\/api.w.org\/{rel}","templated":true}]}}