{"id":50127,"date":"2025-11-19T16:07:12","date_gmt":"2025-11-19T19:07:12","guid":{"rendered":"http:\/\/masquenoticiastucuman.com.ar\/?p=50127"},"modified":"2025-11-19T16:07:12","modified_gmt":"2025-11-19T19:07:12","slug":"el-caso-del-pedofilo-jeffrey-epstein-acorrala-a-larry-summer-ex-ministro-de-economia-de-clinton-y-presidente-de-harvard","status":"publish","type":"post","link":"https:\/\/masquenoticiastucuman.com.ar\/?p=50127","title":{"rendered":"El caso del ped\u00f3filo Jeffrey Epstein acorrala a Larry Summer, ex ministro de Econom\u00eda de Clinton y presidente de Harvard"},"content":{"rendered":"<ul>\n<li>La Universidad de Harvard ha reabierto una investigaci\u00f3n sobre las conexiones entre su ex presidente y ex ministro de Econom\u00eda de Bill Clinton y el magnate que se suicid\u00f3 en 2019.<\/li>\n<li>Summers manifest\u00f3 el lunes que se retirar\u00eda de sus compromisos p\u00fablicos. Su oficina dijo el mi\u00e9rcoles que eso incluye renunciar al consejo de administraci\u00f3n de OpenAI.<\/li>\n<\/ul>\n<p>\u200bLa Universidad de Harvard ha reabierto una investigaci\u00f3n sobre las conexiones entre su ex presidente y ex ministro de Econom\u00eda de Bill Clinton y el magnate que se suicid\u00f3 en 2019.Summers manifest\u00f3 el lunes que se retirar\u00eda de sus compromisos p\u00fablicos. Su oficina dijo el mi\u00e9rcoles que eso incluye renunciar al consejo de administraci\u00f3n de OpenAI.\u00a0<a href=\"https:\/\/www.clarin.com\/mundo\/caso-pedofilo-jeffrey-epstein-acorrala-larry-summer-ex-ministro-economia-clinton-presidente-harvard_0_US6F1EOgoq.html\" target=\"_blank\" class=\"feedzy-rss-link-icon\">Read More<\/a><\/p>","protected":false},"excerpt":{"rendered":"<p>La Universidad de Harvard ha reabierto una investigaci\u00f3n sobre las conexiones entre su ex presidente&#8230;<\/p>\n","protected":false},"author":1,"featured_media":50128,"comment_status":"open","ping_status":"open","sticky":false,"template":"","format":"standard","meta":{"footnotes":""},"categories":[4],"tags":[],"class_list":["post-50127","post","type-post","status-publish","format-standard","has-post-thumbnail","hentry","category-internacionales"],"_links":{"self":[{"href":"https:\/\/masquenoticiastucuman.com.ar\/index.php?rest_route=\/wp\/v2\/posts\/50127","targetHints":{"allow":["GET"]}}],"collection":[{"href":"https:\/\/masquenoticiastucuman.com.ar\/index.php?rest_route=\/wp\/v2\/posts"}],"about":[{"href":"https:\/\/masquenoticiastucuman.com.ar\/index.php?rest_route=\/wp\/v2\/types\/post"}],"author":[{"embeddable":true,"href":"https:\/\/masquenoticiastucuman.com.ar\/index.php?rest_route=\/wp\/v2\/users\/1"}],"replies":[{"embeddable":true,"href":"https:\/\/masquenoticiastucuman.com.ar\/index.php?rest_route=%2Fwp%2Fv2%2Fcomments&post=50127"}],"version-history":[{"count":0,"href":"https:\/\/masquenoticiastucuman.com.ar\/index.php?rest_route=\/wp\/v2\/posts\/50127\/revisions"}],"wp:featuredmedia":[{"embeddable":true,"href":"https:\/\/masquenoticiastucuman.com.ar\/index.php?rest_route=\/wp\/v2\/media\/50128"}],"wp:attachment":[{"href":"https:\/\/masquenoticiastucuman.com.ar\/index.php?rest_route=%2Fwp%2Fv2%2Fmedia&parent=50127"}],"wp:term":[{"taxonomy":"category","embeddable":true,"href":"https:\/\/masquenoticiastucuman.com.ar\/index.php?rest_route=%2Fwp%2Fv2%2Fcategories&post=50127"},{"taxonomy":"post_tag","embeddable":true,"href":"https:\/\/masquenoticiastucuman.com.ar\/index.php?rest_route=%2Fwp%2Fv2%2Ftags&post=50127"}],"curies":[{"name":"wp","href":"https:\/\/api.w.org\/{rel}","templated":true}]}}