{"id":50131,"date":"2025-11-19T14:46:00","date_gmt":"2025-11-19T17:46:00","guid":{"rendered":"http:\/\/masquenoticiastucuman.com.ar\/?p=50131"},"modified":"2025-11-19T14:46:00","modified_gmt":"2025-11-19T17:46:00","slug":"marco-antonio-solis-en-argentina-entradas-horarios-accesos-y-todo-sobre-el-recital-de-el-buki","status":"publish","type":"post","link":"https:\/\/masquenoticiastucuman.com.ar\/?p=50131","title":{"rendered":"Marco Antonio Sol\u00eds en Argentina: entradas, horarios, accesos y todo sobre el recital de El Buki"},"content":{"rendered":"<ul>\n<li>El artista mexicano se presentar\u00e1 por segunda vez en el a\u00f1o en el pa\u00eds. <\/li>\n<li>Los conciertos ser\u00e1n el 20, 21 y 24 de noviembre.<\/li>\n<\/ul>\n<p>\u200bEl artista mexicano se presentar\u00e1 por segunda vez en el a\u00f1o en el pa\u00eds. Los conciertos ser\u00e1n el 20, 21 y 24 de noviembre.\u00a0<a href=\"https:\/\/www.clarin.com\/espectaculos\/marco-antonio-solis-argentina-entradas-horarios-accesos-recital-buki_0_pNjN00b9g2.html\" target=\"_blank\" class=\"feedzy-rss-link-icon\">Read More<\/a><\/p>","protected":false},"excerpt":{"rendered":"<p>El artista mexicano se presentar\u00e1 por segunda vez en el a\u00f1o en el pa\u00eds. Los&#8230;<\/p>\n","protected":false},"author":1,"featured_media":50132,"comment_status":"open","ping_status":"open","sticky":false,"template":"","format":"standard","meta":{"footnotes":""},"categories":[5],"tags":[],"class_list":["post-50131","post","type-post","status-publish","format-standard","has-post-thumbnail","hentry","category-espectaculo"],"_links":{"self":[{"href":"https:\/\/masquenoticiastucuman.com.ar\/index.php?rest_route=\/wp\/v2\/posts\/50131","targetHints":{"allow":["GET"]}}],"collection":[{"href":"https:\/\/masquenoticiastucuman.com.ar\/index.php?rest_route=\/wp\/v2\/posts"}],"about":[{"href":"https:\/\/masquenoticiastucuman.com.ar\/index.php?rest_route=\/wp\/v2\/types\/post"}],"author":[{"embeddable":true,"href":"https:\/\/masquenoticiastucuman.com.ar\/index.php?rest_route=\/wp\/v2\/users\/1"}],"replies":[{"embeddable":true,"href":"https:\/\/masquenoticiastucuman.com.ar\/index.php?rest_route=%2Fwp%2Fv2%2Fcomments&post=50131"}],"version-history":[{"count":0,"href":"https:\/\/masquenoticiastucuman.com.ar\/index.php?rest_route=\/wp\/v2\/posts\/50131\/revisions"}],"wp:featuredmedia":[{"embeddable":true,"href":"https:\/\/masquenoticiastucuman.com.ar\/index.php?rest_route=\/wp\/v2\/media\/50132"}],"wp:attachment":[{"href":"https:\/\/masquenoticiastucuman.com.ar\/index.php?rest_route=%2Fwp%2Fv2%2Fmedia&parent=50131"}],"wp:term":[{"taxonomy":"category","embeddable":true,"href":"https:\/\/masquenoticiastucuman.com.ar\/index.php?rest_route=%2Fwp%2Fv2%2Fcategories&post=50131"},{"taxonomy":"post_tag","embeddable":true,"href":"https:\/\/masquenoticiastucuman.com.ar\/index.php?rest_route=%2Fwp%2Fv2%2Ftags&post=50131"}],"curies":[{"name":"wp","href":"https:\/\/api.w.org\/{rel}","templated":true}]}}