{"id":50133,"date":"2025-11-19T17:40:11","date_gmt":"2025-11-19T20:40:11","guid":{"rendered":"http:\/\/masquenoticiastucuman.com.ar\/?p=50133"},"modified":"2025-11-19T17:40:11","modified_gmt":"2025-11-19T20:40:11","slug":"chiqui-tapia-hablo-sobre-las-sospechas-en-los-arbitrajes-para-barracas-central-y-en-el-futbol-argentino-la-sugestion-tambien-existio-con-grondona-siempre-existio","status":"publish","type":"post","link":"https:\/\/masquenoticiastucuman.com.ar\/?p=50133","title":{"rendered":"Chiqui Tapia habl\u00f3 sobre las sospechas en los arbitrajes para Barracas Central y en el f\u00fatbol argentino: &#8220;La sugesti\u00f3n tambi\u00e9n existi\u00f3 con Grondona, siempre existi\u00f3&#8221;"},"content":{"rendered":"<ul>\n<li>El presidente de la AFA se refiri\u00f3 acerca de las pol\u00e9micas que rodearon la definici\u00f3n de la fase regular del Torneo Clausura y los torneos de ascenso.<\/li>\n<li>Mir\u00e1 el video.<\/li>\n<\/ul>\n<p>\u200bEl presidente de la AFA se refiri\u00f3 acerca de las pol\u00e9micas que rodearon la definici\u00f3n de la fase regular del Torneo Clausura y los torneos de ascenso.Mir\u00e1 el video.\u00a0<a href=\"https:\/\/www.clarin.com\/deportes\/chiqui-tapia-hablo-sospechas-arbitrajes-barracas-central-futbol-argentino-sugestion-existio-grondona-siempre-existio_0_FABoMnJS2S.html\" target=\"_blank\" class=\"feedzy-rss-link-icon\">Read More<\/a><\/p>","protected":false},"excerpt":{"rendered":"<p>El presidente de la AFA se refiri\u00f3 acerca de las pol\u00e9micas que rodearon la definici\u00f3n&#8230;<\/p>\n","protected":false},"author":1,"featured_media":0,"comment_status":"open","ping_status":"open","sticky":false,"template":"","format":"standard","meta":{"footnotes":""},"categories":[6],"tags":[],"class_list":["post-50133","post","type-post","status-publish","format-standard","has-post-thumbnail","hentry","category-deportes"],"_links":{"self":[{"href":"https:\/\/masquenoticiastucuman.com.ar\/index.php?rest_route=\/wp\/v2\/posts\/50133","targetHints":{"allow":["GET"]}}],"collection":[{"href":"https:\/\/masquenoticiastucuman.com.ar\/index.php?rest_route=\/wp\/v2\/posts"}],"about":[{"href":"https:\/\/masquenoticiastucuman.com.ar\/index.php?rest_route=\/wp\/v2\/types\/post"}],"author":[{"embeddable":true,"href":"https:\/\/masquenoticiastucuman.com.ar\/index.php?rest_route=\/wp\/v2\/users\/1"}],"replies":[{"embeddable":true,"href":"https:\/\/masquenoticiastucuman.com.ar\/index.php?rest_route=%2Fwp%2Fv2%2Fcomments&post=50133"}],"version-history":[{"count":0,"href":"https:\/\/masquenoticiastucuman.com.ar\/index.php?rest_route=\/wp\/v2\/posts\/50133\/revisions"}],"wp:attachment":[{"href":"https:\/\/masquenoticiastucuman.com.ar\/index.php?rest_route=%2Fwp%2Fv2%2Fmedia&parent=50133"}],"wp:term":[{"taxonomy":"category","embeddable":true,"href":"https:\/\/masquenoticiastucuman.com.ar\/index.php?rest_route=%2Fwp%2Fv2%2Fcategories&post=50133"},{"taxonomy":"post_tag","embeddable":true,"href":"https:\/\/masquenoticiastucuman.com.ar\/index.php?rest_route=%2Fwp%2Fv2%2Ftags&post=50133"}],"curies":[{"name":"wp","href":"https:\/\/api.w.org\/{rel}","templated":true}]}}