{"id":50134,"date":"2025-11-19T18:12:46","date_gmt":"2025-11-19T21:12:46","guid":{"rendered":"http:\/\/masquenoticiastucuman.com.ar\/?p=50134"},"modified":"2025-11-19T18:12:46","modified_gmt":"2025-11-19T21:12:46","slug":"colombia-gustavo-petro-muestra-sus-cuentas-bancarias-tras-las-acusaciones-y-la-sancion-de-estados-unidos","status":"publish","type":"post","link":"https:\/\/masquenoticiastucuman.com.ar\/?p=50134","title":{"rendered":"Colombia: Gustavo Petro muestra sus cuentas bancarias tras las acusaciones y la sanci\u00f3n de Estados Unidos"},"content":{"rendered":"<ul>\n<li>El presidente colombiano abri\u00f3 sus registros al p\u00fablico. <\/li>\n<li>Donald Trump lo acus\u00f3 de tener v\u00ednculos con los narcos.<\/li>\n<\/ul>\n<p>\u200bEl presidente colombiano abri\u00f3 sus registros al p\u00fablico. Donald Trump lo acus\u00f3 de tener v\u00ednculos con los narcos.\u00a0<a href=\"https:\/\/www.clarin.com\/mundo\/colombia-gustavo-petro-muestra-cuentas-bancarias-acusaciones-sancion-estados-unidos_0_yQT1ahcArr.html\" target=\"_blank\" class=\"feedzy-rss-link-icon\">Read More<\/a><\/p>","protected":false},"excerpt":{"rendered":"<p>El presidente colombiano abri\u00f3 sus registros al p\u00fablico. Donald Trump lo acus\u00f3 de tener v\u00ednculos&#8230;<\/p>\n","protected":false},"author":1,"featured_media":50135,"comment_status":"open","ping_status":"open","sticky":false,"template":"","format":"standard","meta":{"footnotes":""},"categories":[4],"tags":[],"class_list":["post-50134","post","type-post","status-publish","format-standard","has-post-thumbnail","hentry","category-internacionales"],"_links":{"self":[{"href":"https:\/\/masquenoticiastucuman.com.ar\/index.php?rest_route=\/wp\/v2\/posts\/50134","targetHints":{"allow":["GET"]}}],"collection":[{"href":"https:\/\/masquenoticiastucuman.com.ar\/index.php?rest_route=\/wp\/v2\/posts"}],"about":[{"href":"https:\/\/masquenoticiastucuman.com.ar\/index.php?rest_route=\/wp\/v2\/types\/post"}],"author":[{"embeddable":true,"href":"https:\/\/masquenoticiastucuman.com.ar\/index.php?rest_route=\/wp\/v2\/users\/1"}],"replies":[{"embeddable":true,"href":"https:\/\/masquenoticiastucuman.com.ar\/index.php?rest_route=%2Fwp%2Fv2%2Fcomments&post=50134"}],"version-history":[{"count":0,"href":"https:\/\/masquenoticiastucuman.com.ar\/index.php?rest_route=\/wp\/v2\/posts\/50134\/revisions"}],"wp:featuredmedia":[{"embeddable":true,"href":"https:\/\/masquenoticiastucuman.com.ar\/index.php?rest_route=\/wp\/v2\/media\/50135"}],"wp:attachment":[{"href":"https:\/\/masquenoticiastucuman.com.ar\/index.php?rest_route=%2Fwp%2Fv2%2Fmedia&parent=50134"}],"wp:term":[{"taxonomy":"category","embeddable":true,"href":"https:\/\/masquenoticiastucuman.com.ar\/index.php?rest_route=%2Fwp%2Fv2%2Fcategories&post=50134"},{"taxonomy":"post_tag","embeddable":true,"href":"https:\/\/masquenoticiastucuman.com.ar\/index.php?rest_route=%2Fwp%2Fv2%2Ftags&post=50134"}],"curies":[{"name":"wp","href":"https:\/\/api.w.org\/{rel}","templated":true}]}}