{"id":50136,"date":"2025-11-19T19:01:09","date_gmt":"2025-11-19T22:01:09","guid":{"rendered":"http:\/\/masquenoticiastucuman.com.ar\/?p=50136"},"modified":"2025-11-19T19:01:09","modified_gmt":"2025-11-19T22:01:09","slug":"ranking-fifa-espana-y-argentina-siguen-a-la-cabeza-brasil-paso-a-portugal-y-una-exotica-seleccion-tiene-el-mayor-avance-del-ano","status":"publish","type":"post","link":"https:\/\/masquenoticiastucuman.com.ar\/?p=50136","title":{"rendered":"Ranking FIFA: Espa\u00f1a y Argentina siguen a la cabeza, Brasil pas\u00f3 a Portugal y una ex\u00f3tica Selecci\u00f3n tiene el mayor avance del a\u00f1o"},"content":{"rendered":"<ul>\n<li>Los primeros cuatro lugares, con la Albiceleste en el segundo puesto, se mantuvieron sin cambios.<\/li>\n<li>Italia, que deber\u00e1 jugar el repechaje para llegar al Mundial 2026, sali\u00f3 del Top 10.<\/li>\n<\/ul>\n<p>\u200bLos primeros cuatro lugares, con la Albiceleste en el segundo puesto, se mantuvieron sin cambios.Italia, que deber\u00e1 jugar el repechaje para llegar al Mundial 2026, sali\u00f3 del Top 10.\u00a0<a href=\"https:\/\/www.clarin.com\/deportes\/ranking-fifa-espana-argentina-siguen-cabeza-brasil-paso-portugal-exotica-seleccion-mayor-avance-ano_0_Bgxra3UAZn.html\" target=\"_blank\" class=\"feedzy-rss-link-icon\">Read More<\/a><\/p>","protected":false},"excerpt":{"rendered":"<p>Los primeros cuatro lugares, con la Albiceleste en el segundo puesto, se mantuvieron sin cambios&#8230;.<\/p>\n","protected":false},"author":1,"featured_media":0,"comment_status":"open","ping_status":"open","sticky":false,"template":"","format":"standard","meta":{"footnotes":""},"categories":[6],"tags":[],"class_list":["post-50136","post","type-post","status-publish","format-standard","has-post-thumbnail","hentry","category-deportes"],"_links":{"self":[{"href":"https:\/\/masquenoticiastucuman.com.ar\/index.php?rest_route=\/wp\/v2\/posts\/50136","targetHints":{"allow":["GET"]}}],"collection":[{"href":"https:\/\/masquenoticiastucuman.com.ar\/index.php?rest_route=\/wp\/v2\/posts"}],"about":[{"href":"https:\/\/masquenoticiastucuman.com.ar\/index.php?rest_route=\/wp\/v2\/types\/post"}],"author":[{"embeddable":true,"href":"https:\/\/masquenoticiastucuman.com.ar\/index.php?rest_route=\/wp\/v2\/users\/1"}],"replies":[{"embeddable":true,"href":"https:\/\/masquenoticiastucuman.com.ar\/index.php?rest_route=%2Fwp%2Fv2%2Fcomments&post=50136"}],"version-history":[{"count":0,"href":"https:\/\/masquenoticiastucuman.com.ar\/index.php?rest_route=\/wp\/v2\/posts\/50136\/revisions"}],"wp:attachment":[{"href":"https:\/\/masquenoticiastucuman.com.ar\/index.php?rest_route=%2Fwp%2Fv2%2Fmedia&parent=50136"}],"wp:term":[{"taxonomy":"category","embeddable":true,"href":"https:\/\/masquenoticiastucuman.com.ar\/index.php?rest_route=%2Fwp%2Fv2%2Fcategories&post=50136"},{"taxonomy":"post_tag","embeddable":true,"href":"https:\/\/masquenoticiastucuman.com.ar\/index.php?rest_route=%2Fwp%2Fv2%2Ftags&post=50136"}],"curies":[{"name":"wp","href":"https:\/\/api.w.org\/{rel}","templated":true}]}}