{"id":50137,"date":"2025-11-19T17:52:57","date_gmt":"2025-11-19T20:52:57","guid":{"rendered":"http:\/\/masquenoticiastucuman.com.ar\/?p=50137"},"modified":"2025-11-19T17:52:57","modified_gmt":"2025-11-19T20:52:57","slug":"roger-federer-le-gano-a-del-potro-e-ingresara-al-salon-de-la-fama-en-2026-la-videollamada-llena-de-estrellas-para-darle-la-noticia","status":"publish","type":"post","link":"https:\/\/masquenoticiastucuman.com.ar\/?p=50137","title":{"rendered":"Roger Federer le gan\u00f3 a Del Potro e ingresar\u00e1 al Sal\u00f3n de la Fama en 2026: la videollamada llena de estrellas para darle la noticia"},"content":{"rendered":"<ul>\n<li>&#8220;Jam\u00e1s cre\u00ed que llegar\u00eda&#8221;, asegur\u00f3 el helv\u00e9tico, ex n\u00famero 1 del mundo y el primer hombre en ganar 20 t\u00edtulos de Grand Slam.<\/li>\n<li>Hab\u00eda sido nominado junto al argentino y Svetlana Kuznetsova.<\/li>\n<\/ul>\n<p>\u200b&#8221;Jam\u00e1s cre\u00ed que llegar\u00eda&#8221;, asegur\u00f3 el helv\u00e9tico, ex n\u00famero 1 del mundo y el primer hombre en ganar 20 t\u00edtulos de Grand Slam.Hab\u00eda sido nominado junto al argentino y Svetlana Kuznetsova.\u00a0<a href=\"https:\/\/www.clarin.com\/deportes\/roger-federer-gano-potro-ingresara-salon-fama-2026-videollamada-llena-estrellas-darle-noticia_0_m84Qg9PJOJ.html\" target=\"_blank\" class=\"feedzy-rss-link-icon\">Read More<\/a><\/p>","protected":false},"excerpt":{"rendered":"<p>&#8220;Jam\u00e1s cre\u00ed que llegar\u00eda&#8221;, asegur\u00f3 el helv\u00e9tico, ex n\u00famero 1 del mundo y el primer&#8230;<\/p>\n","protected":false},"author":1,"featured_media":0,"comment_status":"open","ping_status":"open","sticky":false,"template":"","format":"standard","meta":{"footnotes":""},"categories":[6],"tags":[],"class_list":["post-50137","post","type-post","status-publish","format-standard","has-post-thumbnail","hentry","category-deportes"],"_links":{"self":[{"href":"https:\/\/masquenoticiastucuman.com.ar\/index.php?rest_route=\/wp\/v2\/posts\/50137","targetHints":{"allow":["GET"]}}],"collection":[{"href":"https:\/\/masquenoticiastucuman.com.ar\/index.php?rest_route=\/wp\/v2\/posts"}],"about":[{"href":"https:\/\/masquenoticiastucuman.com.ar\/index.php?rest_route=\/wp\/v2\/types\/post"}],"author":[{"embeddable":true,"href":"https:\/\/masquenoticiastucuman.com.ar\/index.php?rest_route=\/wp\/v2\/users\/1"}],"replies":[{"embeddable":true,"href":"https:\/\/masquenoticiastucuman.com.ar\/index.php?rest_route=%2Fwp%2Fv2%2Fcomments&post=50137"}],"version-history":[{"count":0,"href":"https:\/\/masquenoticiastucuman.com.ar\/index.php?rest_route=\/wp\/v2\/posts\/50137\/revisions"}],"wp:attachment":[{"href":"https:\/\/masquenoticiastucuman.com.ar\/index.php?rest_route=%2Fwp%2Fv2%2Fmedia&parent=50137"}],"wp:term":[{"taxonomy":"category","embeddable":true,"href":"https:\/\/masquenoticiastucuman.com.ar\/index.php?rest_route=%2Fwp%2Fv2%2Fcategories&post=50137"},{"taxonomy":"post_tag","embeddable":true,"href":"https:\/\/masquenoticiastucuman.com.ar\/index.php?rest_route=%2Fwp%2Fv2%2Ftags&post=50137"}],"curies":[{"name":"wp","href":"https:\/\/api.w.org\/{rel}","templated":true}]}}