{"id":50138,"date":"2025-11-19T17:35:43","date_gmt":"2025-11-19T20:35:43","guid":{"rendered":"http:\/\/masquenoticiastucuman.com.ar\/?p=50138"},"modified":"2025-11-19T17:35:43","modified_gmt":"2025-11-19T20:35:43","slug":"alejandro-sanz-agrego-una-nueva-fecha-en-el-campo-de-polo-como-y-cuando-comprar-las-entradas","status":"publish","type":"post","link":"https:\/\/masquenoticiastucuman.com.ar\/?p=50138","title":{"rendered":"Alejandro Sanz agreg\u00f3 una nueva fecha en el Campo de Polo: c\u00f3mo y cu\u00e1ndo comprar las entradas"},"content":{"rendered":"<ul>\n<li>Por la alta demanda de entradas, el cantante espa\u00f1ol decidi\u00f3 dar un segundo concierto en Buenos Aires.<\/li>\n<li>Toda la informaci\u00f3n sobre la venta de tickets para la nueva funci\u00f3n en esta nota.<\/li>\n<\/ul>\n<p>\u200bPor la alta demanda de entradas, el cantante espa\u00f1ol decidi\u00f3 dar un segundo concierto en Buenos Aires.Toda la informaci\u00f3n sobre la venta de tickets para la nueva funci\u00f3n en esta nota.\u00a0<a href=\"https:\/\/www.clarin.com\/espectaculos\/alejandro-sanz-agrego-nueva-fecha-campo-polo-comprar-entradas_0_KgsAqsfQF6.html\" target=\"_blank\" class=\"feedzy-rss-link-icon\">Read More<\/a><\/p>","protected":false},"excerpt":{"rendered":"<p>Por la alta demanda de entradas, el cantante espa\u00f1ol decidi\u00f3 dar un segundo concierto en&#8230;<\/p>\n","protected":false},"author":1,"featured_media":50139,"comment_status":"open","ping_status":"open","sticky":false,"template":"","format":"standard","meta":{"footnotes":""},"categories":[5],"tags":[],"class_list":["post-50138","post","type-post","status-publish","format-standard","has-post-thumbnail","hentry","category-espectaculo"],"_links":{"self":[{"href":"https:\/\/masquenoticiastucuman.com.ar\/index.php?rest_route=\/wp\/v2\/posts\/50138","targetHints":{"allow":["GET"]}}],"collection":[{"href":"https:\/\/masquenoticiastucuman.com.ar\/index.php?rest_route=\/wp\/v2\/posts"}],"about":[{"href":"https:\/\/masquenoticiastucuman.com.ar\/index.php?rest_route=\/wp\/v2\/types\/post"}],"author":[{"embeddable":true,"href":"https:\/\/masquenoticiastucuman.com.ar\/index.php?rest_route=\/wp\/v2\/users\/1"}],"replies":[{"embeddable":true,"href":"https:\/\/masquenoticiastucuman.com.ar\/index.php?rest_route=%2Fwp%2Fv2%2Fcomments&post=50138"}],"version-history":[{"count":0,"href":"https:\/\/masquenoticiastucuman.com.ar\/index.php?rest_route=\/wp\/v2\/posts\/50138\/revisions"}],"wp:featuredmedia":[{"embeddable":true,"href":"https:\/\/masquenoticiastucuman.com.ar\/index.php?rest_route=\/wp\/v2\/media\/50139"}],"wp:attachment":[{"href":"https:\/\/masquenoticiastucuman.com.ar\/index.php?rest_route=%2Fwp%2Fv2%2Fmedia&parent=50138"}],"wp:term":[{"taxonomy":"category","embeddable":true,"href":"https:\/\/masquenoticiastucuman.com.ar\/index.php?rest_route=%2Fwp%2Fv2%2Fcategories&post=50138"},{"taxonomy":"post_tag","embeddable":true,"href":"https:\/\/masquenoticiastucuman.com.ar\/index.php?rest_route=%2Fwp%2Fv2%2Ftags&post=50138"}],"curies":[{"name":"wp","href":"https:\/\/api.w.org\/{rel}","templated":true}]}}