{"id":50141,"date":"2025-11-19T20:04:38","date_gmt":"2025-11-19T23:04:38","guid":{"rendered":"http:\/\/masquenoticiastucuman.com.ar\/?p=50141"},"modified":"2025-11-19T20:04:38","modified_gmt":"2025-11-19T23:04:38","slug":"se-define-el-futuro-de-marcelo-bielsa-en-uruguay-la-auf-convoco-a-una-sorpresiva-conferencia-de-prensa-en-la-que-hablara-el-dt","status":"publish","type":"post","link":"https:\/\/masquenoticiastucuman.com.ar\/?p=50141","title":{"rendered":"Se define el futuro de Marcelo Bielsa en Uruguay: la AUF convoc\u00f3 a una sorpresiva conferencia de prensa en la que hablar\u00e1 el DT"},"content":{"rendered":"<ul>\n<li>Ser\u00e1 este jueves, tras la derrota de la Celeste por 5-1 ante Estados Unidos.<\/li>\n<li>La continuidad del entrenador rosarino est\u00e1 en duda cuando faltan 7 meses para el Mundial.<\/li>\n<li>Las cr\u00edticas sonaron fuerte luego de la estrepitosa ca\u00edda del seleccionado.<\/li>\n<\/ul>\n<p>\u200bSer\u00e1 este jueves, tras la derrota de la Celeste por 5-1 ante Estados Unidos.La continuidad del entrenador rosarino est\u00e1 en duda cuando faltan 7 meses para el Mundial.Las cr\u00edticas sonaron fuerte luego de la estrepitosa ca\u00edda del seleccionado.\u00a0<a href=\"https:\/\/www.clarin.com\/deportes\/define-futuro-marcelo-bielsa-uruguay-auf-convoco-sorpresiva-conferencia-prensa-hablara-dt_0_o312QLRuAm.html\" target=\"_blank\" class=\"feedzy-rss-link-icon\">Read More<\/a><\/p>","protected":false},"excerpt":{"rendered":"<p>Ser\u00e1 este jueves, tras la derrota de la Celeste por 5-1 ante Estados Unidos. La&#8230;<\/p>\n","protected":false},"author":1,"featured_media":0,"comment_status":"open","ping_status":"open","sticky":false,"template":"","format":"standard","meta":{"footnotes":""},"categories":[6],"tags":[],"class_list":["post-50141","post","type-post","status-publish","format-standard","has-post-thumbnail","hentry","category-deportes"],"_links":{"self":[{"href":"https:\/\/masquenoticiastucuman.com.ar\/index.php?rest_route=\/wp\/v2\/posts\/50141","targetHints":{"allow":["GET"]}}],"collection":[{"href":"https:\/\/masquenoticiastucuman.com.ar\/index.php?rest_route=\/wp\/v2\/posts"}],"about":[{"href":"https:\/\/masquenoticiastucuman.com.ar\/index.php?rest_route=\/wp\/v2\/types\/post"}],"author":[{"embeddable":true,"href":"https:\/\/masquenoticiastucuman.com.ar\/index.php?rest_route=\/wp\/v2\/users\/1"}],"replies":[{"embeddable":true,"href":"https:\/\/masquenoticiastucuman.com.ar\/index.php?rest_route=%2Fwp%2Fv2%2Fcomments&post=50141"}],"version-history":[{"count":0,"href":"https:\/\/masquenoticiastucuman.com.ar\/index.php?rest_route=\/wp\/v2\/posts\/50141\/revisions"}],"wp:attachment":[{"href":"https:\/\/masquenoticiastucuman.com.ar\/index.php?rest_route=%2Fwp%2Fv2%2Fmedia&parent=50141"}],"wp:term":[{"taxonomy":"category","embeddable":true,"href":"https:\/\/masquenoticiastucuman.com.ar\/index.php?rest_route=%2Fwp%2Fv2%2Fcategories&post=50141"},{"taxonomy":"post_tag","embeddable":true,"href":"https:\/\/masquenoticiastucuman.com.ar\/index.php?rest_route=%2Fwp%2Fv2%2Ftags&post=50141"}],"curies":[{"name":"wp","href":"https:\/\/api.w.org\/{rel}","templated":true}]}}