{"id":50142,"date":"2025-11-19T19:53:13","date_gmt":"2025-11-19T22:53:13","guid":{"rendered":"http:\/\/masquenoticiastucuman.com.ar\/?p=50142"},"modified":"2025-11-19T19:53:13","modified_gmt":"2025-11-19T22:53:13","slug":"preocupacion-del-gobierno-y-terminales-automotrices-por-la-caida-de-exportaciones","status":"publish","type":"post","link":"https:\/\/masquenoticiastucuman.com.ar\/?p=50142","title":{"rendered":"Preocupaci\u00f3n del Gobierno y terminales automotrices por la ca\u00edda de exportaciones"},"content":{"rendered":"<ul>\n<li>La producci\u00f3n de 2025 ser\u00e1 &#8220;similar&#8221; a la del a\u00f1o anterior, le dijeron a Caputo los representantes de ADEFA. <\/li>\n<li>Pero detr\u00e1s de ese n\u00famero se esconde una p\u00e9rdida de mercados externos compensada por una mayor venta de unidades de fabricaci\u00f3n local en las concesionarias. <\/li>\n<\/ul>\n<p>\u200bLa producci\u00f3n de 2025 ser\u00e1 &#8220;similar&#8221; a la del a\u00f1o anterior, le dijeron a Caputo los representantes de ADEFA. Pero detr\u00e1s de ese n\u00famero se esconde una p\u00e9rdida de mercados externos compensada por una mayor venta de unidades de fabricaci\u00f3n local en las concesionarias.\u00a0<a href=\"https:\/\/www.clarin.com\/economia\/preocupacion-gobierno-terminales-automotrices-caida-exportaciones_0_yLlcO9NHJ5.html\" target=\"_blank\" class=\"feedzy-rss-link-icon\">Read More<\/a><\/p>","protected":false},"excerpt":{"rendered":"<p>La producci\u00f3n de 2025 ser\u00e1 &#8220;similar&#8221; a la del a\u00f1o anterior, le dijeron a Caputo&#8230;<\/p>\n","protected":false},"author":1,"featured_media":0,"comment_status":"open","ping_status":"open","sticky":false,"template":"","format":"standard","meta":{"footnotes":""},"categories":[3],"tags":[],"class_list":["post-50142","post","type-post","status-publish","format-standard","has-post-thumbnail","hentry","category-nacionales"],"_links":{"self":[{"href":"https:\/\/masquenoticiastucuman.com.ar\/index.php?rest_route=\/wp\/v2\/posts\/50142","targetHints":{"allow":["GET"]}}],"collection":[{"href":"https:\/\/masquenoticiastucuman.com.ar\/index.php?rest_route=\/wp\/v2\/posts"}],"about":[{"href":"https:\/\/masquenoticiastucuman.com.ar\/index.php?rest_route=\/wp\/v2\/types\/post"}],"author":[{"embeddable":true,"href":"https:\/\/masquenoticiastucuman.com.ar\/index.php?rest_route=\/wp\/v2\/users\/1"}],"replies":[{"embeddable":true,"href":"https:\/\/masquenoticiastucuman.com.ar\/index.php?rest_route=%2Fwp%2Fv2%2Fcomments&post=50142"}],"version-history":[{"count":0,"href":"https:\/\/masquenoticiastucuman.com.ar\/index.php?rest_route=\/wp\/v2\/posts\/50142\/revisions"}],"wp:attachment":[{"href":"https:\/\/masquenoticiastucuman.com.ar\/index.php?rest_route=%2Fwp%2Fv2%2Fmedia&parent=50142"}],"wp:term":[{"taxonomy":"category","embeddable":true,"href":"https:\/\/masquenoticiastucuman.com.ar\/index.php?rest_route=%2Fwp%2Fv2%2Fcategories&post=50142"},{"taxonomy":"post_tag","embeddable":true,"href":"https:\/\/masquenoticiastucuman.com.ar\/index.php?rest_route=%2Fwp%2Fv2%2Ftags&post=50142"}],"curies":[{"name":"wp","href":"https:\/\/api.w.org\/{rel}","templated":true}]}}