{"id":50143,"date":"2025-11-19T19:18:23","date_gmt":"2025-11-19T22:18:23","guid":{"rendered":"http:\/\/masquenoticiastucuman.com.ar\/?p=50143"},"modified":"2025-11-19T19:18:23","modified_gmt":"2025-11-19T22:18:23","slug":"el-plan-milei-bajo-la-lupa-de-economistas-que-estuvieron-en-los-gobiernos-de-kirchner-macri-y-alberto","status":"publish","type":"post","link":"https:\/\/masquenoticiastucuman.com.ar\/?p=50143","title":{"rendered":"El Plan Milei, bajo la lupa de economistas que estuvieron en los gobiernos de Kirchner, Macri y Alberto"},"content":{"rendered":"<ul>\n<li>Expusieron en la Facultad de Ciencias Econ\u00f3micas de la UBA.<\/li>\n<li>Mat\u00edas Kulfas apunt\u00f3 contra el d\u00f3lar sobreapreciado.<\/li>\n<li>Mart\u00edn Lousteau advirti\u00f3 sobre el p\u00e9ndulo y Mart\u00edn Rapetti sobre el costo de la estabilizaci\u00f3n.<\/li>\n<li>Una diputada del PRO defendi\u00f3 la apertura.<\/li>\n<\/ul>\n<p>\u200bExpusieron en la Facultad de Ciencias Econ\u00f3micas de la UBA.Mat\u00edas Kulfas apunt\u00f3 contra el d\u00f3lar sobreapreciado.Mart\u00edn Lousteau advirti\u00f3 sobre el p\u00e9ndulo y Mart\u00edn Rapetti sobre el costo de la estabilizaci\u00f3n.Una diputada del PRO defendi\u00f3 la apertura.\u00a0<a href=\"https:\/\/www.clarin.com\/economia\/plan-milei-lupa-economistas-gobiernos-kirchner-macri-alberto_0_5eKBzMn7IB.html\" target=\"_blank\" class=\"feedzy-rss-link-icon\">Read More<\/a><\/p>","protected":false},"excerpt":{"rendered":"<p>Expusieron en la Facultad de Ciencias Econ\u00f3micas de la UBA. Mat\u00edas Kulfas apunt\u00f3 contra el&#8230;<\/p>\n","protected":false},"author":1,"featured_media":0,"comment_status":"open","ping_status":"open","sticky":false,"template":"","format":"standard","meta":{"footnotes":""},"categories":[3],"tags":[],"class_list":["post-50143","post","type-post","status-publish","format-standard","has-post-thumbnail","hentry","category-nacionales"],"_links":{"self":[{"href":"https:\/\/masquenoticiastucuman.com.ar\/index.php?rest_route=\/wp\/v2\/posts\/50143","targetHints":{"allow":["GET"]}}],"collection":[{"href":"https:\/\/masquenoticiastucuman.com.ar\/index.php?rest_route=\/wp\/v2\/posts"}],"about":[{"href":"https:\/\/masquenoticiastucuman.com.ar\/index.php?rest_route=\/wp\/v2\/types\/post"}],"author":[{"embeddable":true,"href":"https:\/\/masquenoticiastucuman.com.ar\/index.php?rest_route=\/wp\/v2\/users\/1"}],"replies":[{"embeddable":true,"href":"https:\/\/masquenoticiastucuman.com.ar\/index.php?rest_route=%2Fwp%2Fv2%2Fcomments&post=50143"}],"version-history":[{"count":0,"href":"https:\/\/masquenoticiastucuman.com.ar\/index.php?rest_route=\/wp\/v2\/posts\/50143\/revisions"}],"wp:attachment":[{"href":"https:\/\/masquenoticiastucuman.com.ar\/index.php?rest_route=%2Fwp%2Fv2%2Fmedia&parent=50143"}],"wp:term":[{"taxonomy":"category","embeddable":true,"href":"https:\/\/masquenoticiastucuman.com.ar\/index.php?rest_route=%2Fwp%2Fv2%2Fcategories&post=50143"},{"taxonomy":"post_tag","embeddable":true,"href":"https:\/\/masquenoticiastucuman.com.ar\/index.php?rest_route=%2Fwp%2Fv2%2Ftags&post=50143"}],"curies":[{"name":"wp","href":"https:\/\/api.w.org\/{rel}","templated":true}]}}