{"id":50151,"date":"2025-11-20T02:01:15","date_gmt":"2025-11-20T05:01:15","guid":{"rendered":"http:\/\/masquenoticiastucuman.com.ar\/?p=50151"},"modified":"2025-11-20T02:01:15","modified_gmt":"2025-11-20T05:01:15","slug":"qatar-busca-su-propio-messi-un-dt-argentino-cuenta-la-influencia-del-mundial-2022-y-de-la-figura-del-idolo-en-los-juveniles-que-suenan-con-ser-futbolistas","status":"publish","type":"post","link":"https:\/\/masquenoticiastucuman.com.ar\/?p=50151","title":{"rendered":"Qatar busca su propio Messi: un DT argentino cuenta la influencia del Mundial 2022 y de la figura del \u00eddolo en los juveniles que sue\u00f1an con ser futbolistas"},"content":{"rendered":"<ul>\n<li>Pedro Verde es argentino y trabaja en las Inferiores de uno de los clubes m\u00e1s populares del pa\u00eds ar\u00e1bigo.<\/li>\n<li>Similitudes y diferencias con la Argentina, a la que los chicos admiran m\u00e1s all\u00e1 de Lionel Messi.<\/li>\n<\/ul>\n<p>\u200bPedro Verde es argentino y trabaja en las Inferiores de uno de los clubes m\u00e1s populares del pa\u00eds ar\u00e1bigo.Similitudes y diferencias con la Argentina, a la que los chicos admiran m\u00e1s all\u00e1 de Lionel Messi.\u00a0<a href=\"https:\/\/www.clarin.com\/deportes\/qatar-busca-propio-messi-dt-argentino-cuenta-influencia-mundial-2022-figura-idolo-juveniles-suenan-futbolistas_0_xyWs4gUlrs.html\" target=\"_blank\" class=\"feedzy-rss-link-icon\">Read More<\/a><\/p>","protected":false},"excerpt":{"rendered":"<p>Pedro Verde es argentino y trabaja en las Inferiores de uno de los clubes m\u00e1s&#8230;<\/p>\n","protected":false},"author":1,"featured_media":0,"comment_status":"open","ping_status":"open","sticky":false,"template":"","format":"standard","meta":{"footnotes":""},"categories":[6],"tags":[],"class_list":["post-50151","post","type-post","status-publish","format-standard","has-post-thumbnail","hentry","category-deportes"],"_links":{"self":[{"href":"https:\/\/masquenoticiastucuman.com.ar\/index.php?rest_route=\/wp\/v2\/posts\/50151","targetHints":{"allow":["GET"]}}],"collection":[{"href":"https:\/\/masquenoticiastucuman.com.ar\/index.php?rest_route=\/wp\/v2\/posts"}],"about":[{"href":"https:\/\/masquenoticiastucuman.com.ar\/index.php?rest_route=\/wp\/v2\/types\/post"}],"author":[{"embeddable":true,"href":"https:\/\/masquenoticiastucuman.com.ar\/index.php?rest_route=\/wp\/v2\/users\/1"}],"replies":[{"embeddable":true,"href":"https:\/\/masquenoticiastucuman.com.ar\/index.php?rest_route=%2Fwp%2Fv2%2Fcomments&post=50151"}],"version-history":[{"count":0,"href":"https:\/\/masquenoticiastucuman.com.ar\/index.php?rest_route=\/wp\/v2\/posts\/50151\/revisions"}],"wp:attachment":[{"href":"https:\/\/masquenoticiastucuman.com.ar\/index.php?rest_route=%2Fwp%2Fv2%2Fmedia&parent=50151"}],"wp:term":[{"taxonomy":"category","embeddable":true,"href":"https:\/\/masquenoticiastucuman.com.ar\/index.php?rest_route=%2Fwp%2Fv2%2Fcategories&post=50151"},{"taxonomy":"post_tag","embeddable":true,"href":"https:\/\/masquenoticiastucuman.com.ar\/index.php?rest_route=%2Fwp%2Fv2%2Ftags&post=50151"}],"curies":[{"name":"wp","href":"https:\/\/api.w.org\/{rel}","templated":true}]}}