{"id":50168,"date":"2025-11-20T06:01:53","date_gmt":"2025-11-20T09:01:53","guid":{"rendered":"http:\/\/masquenoticiastucuman.com.ar\/?p=50168"},"modified":"2025-11-20T06:01:53","modified_gmt":"2025-11-20T09:01:53","slug":"huellas-argentinas-detras-de-la-sombra-del-dictador-espanol-francisco-franco","status":"publish","type":"post","link":"https:\/\/masquenoticiastucuman.com.ar\/?p=50168","title":{"rendered":"Huellas argentinas detr\u00e1s de la sombra del dictador espa\u00f1ol Francisco Franco"},"content":{"rendered":"<ul>\n<li>A 50 a\u00f1os de la muerte del caudillo que llev\u00f3 a su pa\u00eds a una despiadada Guerra Civil. <\/li>\n<li>Fue el fin de una era en Espa\u00f1a. Sus v\u00ednculos con la Argentina y los miles de exiliados que llegaron al pa\u00eds.<\/li>\n<\/ul>\n<p>\u200bA 50 a\u00f1os de la muerte del caudillo que llev\u00f3 a su pa\u00eds a una despiadada Guerra Civil. Fue el fin de una era en Espa\u00f1a. Sus v\u00ednculos con la Argentina y los miles de exiliados que llegaron al pa\u00eds.\u00a0<a href=\"https:\/\/www.clarin.com\/mundo\/huellas-argentinas-detras-sombra-dictador-espanol-francisco-franco_0_Rm7Oqeh1qV.html\" target=\"_blank\" class=\"feedzy-rss-link-icon\">Read More<\/a><\/p>","protected":false},"excerpt":{"rendered":"<p>A 50 a\u00f1os de la muerte del caudillo que llev\u00f3 a su pa\u00eds a una&#8230;<\/p>\n","protected":false},"author":1,"featured_media":50169,"comment_status":"open","ping_status":"open","sticky":false,"template":"","format":"standard","meta":{"footnotes":""},"categories":[4],"tags":[],"class_list":["post-50168","post","type-post","status-publish","format-standard","has-post-thumbnail","hentry","category-internacionales"],"_links":{"self":[{"href":"https:\/\/masquenoticiastucuman.com.ar\/index.php?rest_route=\/wp\/v2\/posts\/50168","targetHints":{"allow":["GET"]}}],"collection":[{"href":"https:\/\/masquenoticiastucuman.com.ar\/index.php?rest_route=\/wp\/v2\/posts"}],"about":[{"href":"https:\/\/masquenoticiastucuman.com.ar\/index.php?rest_route=\/wp\/v2\/types\/post"}],"author":[{"embeddable":true,"href":"https:\/\/masquenoticiastucuman.com.ar\/index.php?rest_route=\/wp\/v2\/users\/1"}],"replies":[{"embeddable":true,"href":"https:\/\/masquenoticiastucuman.com.ar\/index.php?rest_route=%2Fwp%2Fv2%2Fcomments&post=50168"}],"version-history":[{"count":0,"href":"https:\/\/masquenoticiastucuman.com.ar\/index.php?rest_route=\/wp\/v2\/posts\/50168\/revisions"}],"wp:featuredmedia":[{"embeddable":true,"href":"https:\/\/masquenoticiastucuman.com.ar\/index.php?rest_route=\/wp\/v2\/media\/50169"}],"wp:attachment":[{"href":"https:\/\/masquenoticiastucuman.com.ar\/index.php?rest_route=%2Fwp%2Fv2%2Fmedia&parent=50168"}],"wp:term":[{"taxonomy":"category","embeddable":true,"href":"https:\/\/masquenoticiastucuman.com.ar\/index.php?rest_route=%2Fwp%2Fv2%2Fcategories&post=50168"},{"taxonomy":"post_tag","embeddable":true,"href":"https:\/\/masquenoticiastucuman.com.ar\/index.php?rest_route=%2Fwp%2Fv2%2Ftags&post=50168"}],"curies":[{"name":"wp","href":"https:\/\/api.w.org\/{rel}","templated":true}]}}