{"id":50170,"date":"2025-11-20T06:01:57","date_gmt":"2025-11-20T09:01:57","guid":{"rendered":"http:\/\/masquenoticiastucuman.com.ar\/?p=50170"},"modified":"2025-11-20T06:01:57","modified_gmt":"2025-11-20T09:01:57","slug":"se-viene-el-mejor-fin-de-semana-deportivo-del-ano-messi-los-pumas-copa-davis-formula-1-pumita-martinez-los-octavos-del-clausura-y-mucho-mas","status":"publish","type":"post","link":"https:\/\/masquenoticiastucuman.com.ar\/?p=50170","title":{"rendered":"Se viene el mejor fin de semana deportivo del a\u00f1o: Messi, Los Pumas, Copa Davis, F\u00f3rmula 1, Pumita Mart\u00ednez, los octavos del Clausura y mucho m\u00e1s"},"content":{"rendered":"<ul>\n<li>La agenda del fin de semana largo llega cargad\u00edsima, con eventos para todos los gustos y a toda hora.<\/li>\n<li>La acci\u00f3n comienza este jueves, con el tenis argentino enfrentando a Alemania en las Finales de Bolonia.<\/li>\n<li>Esta misma noche, Franco Colapinto pone primera en el Gran Premio de Las Vegas.<\/li>\n<\/ul>\n<p>\u200bLa agenda del fin de semana largo llega cargad\u00edsima, con eventos para todos los gustos y a toda hora.La acci\u00f3n comienza este jueves, con el tenis argentino enfrentando a Alemania en las Finales de Bolonia.Esta misma noche, Franco Colapinto pone primera en el Gran Premio de Las Vegas.\u00a0<a href=\"https:\/\/www.clarin.com\/deportes\/viene-mejor-fin-semana-deportivo-ano-messi-pumas-copa-davis-formula-1-pumita-martinez-octavos-clausura_0_bhfwqcMLQ8.html\" target=\"_blank\" class=\"feedzy-rss-link-icon\">Read More<\/a><\/p>","protected":false},"excerpt":{"rendered":"<p>La agenda del fin de semana largo llega cargad\u00edsima, con eventos para todos los gustos&#8230;<\/p>\n","protected":false},"author":1,"featured_media":0,"comment_status":"open","ping_status":"open","sticky":false,"template":"","format":"standard","meta":{"footnotes":""},"categories":[6],"tags":[],"class_list":["post-50170","post","type-post","status-publish","format-standard","has-post-thumbnail","hentry","category-deportes"],"_links":{"self":[{"href":"https:\/\/masquenoticiastucuman.com.ar\/index.php?rest_route=\/wp\/v2\/posts\/50170","targetHints":{"allow":["GET"]}}],"collection":[{"href":"https:\/\/masquenoticiastucuman.com.ar\/index.php?rest_route=\/wp\/v2\/posts"}],"about":[{"href":"https:\/\/masquenoticiastucuman.com.ar\/index.php?rest_route=\/wp\/v2\/types\/post"}],"author":[{"embeddable":true,"href":"https:\/\/masquenoticiastucuman.com.ar\/index.php?rest_route=\/wp\/v2\/users\/1"}],"replies":[{"embeddable":true,"href":"https:\/\/masquenoticiastucuman.com.ar\/index.php?rest_route=%2Fwp%2Fv2%2Fcomments&post=50170"}],"version-history":[{"count":0,"href":"https:\/\/masquenoticiastucuman.com.ar\/index.php?rest_route=\/wp\/v2\/posts\/50170\/revisions"}],"wp:attachment":[{"href":"https:\/\/masquenoticiastucuman.com.ar\/index.php?rest_route=%2Fwp%2Fv2%2Fmedia&parent=50170"}],"wp:term":[{"taxonomy":"category","embeddable":true,"href":"https:\/\/masquenoticiastucuman.com.ar\/index.php?rest_route=%2Fwp%2Fv2%2Fcategories&post=50170"},{"taxonomy":"post_tag","embeddable":true,"href":"https:\/\/masquenoticiastucuman.com.ar\/index.php?rest_route=%2Fwp%2Fv2%2Ftags&post=50170"}],"curies":[{"name":"wp","href":"https:\/\/api.w.org\/{rel}","templated":true}]}}