{"id":50201,"date":"2025-11-20T13:11:10","date_gmt":"2025-11-20T16:11:10","guid":{"rendered":"http:\/\/masquenoticiastucuman.com.ar\/?p=50201"},"modified":"2025-11-20T13:11:10","modified_gmt":"2025-11-20T16:11:10","slug":"el-gobierno-vuelve-a-comprar-trenes-por-primera-vez-en-10-anos-invertira-us-300-millones","status":"publish","type":"post","link":"https:\/\/masquenoticiastucuman.com.ar\/?p=50201","title":{"rendered":"El Gobierno vuelve a comprar trenes por primera vez en 10 a\u00f1os: invertir\u00e1 US$ 300 millones"},"content":{"rendered":"<ul>\n<li>Son 43 formaciones que totalizan 150 vagones.<\/li>\n<li>Ser\u00e1n adquiridas por contrataci\u00f3n directa y no por licitaci\u00f3n.<\/li>\n<\/ul>\n<p>\u200bSon 43 formaciones que totalizan 150 vagones.Ser\u00e1n adquiridas por contrataci\u00f3n directa y no por licitaci\u00f3n.\u00a0<a href=\"https:\/\/www.clarin.com\/economia\/gobierno-vuelve-comprar-trenes-primera-vez-10-anos-invertira-us-300-millones_0_ijtiK7YikZ.html\" target=\"_blank\" class=\"feedzy-rss-link-icon\">Read More<\/a><\/p>","protected":false},"excerpt":{"rendered":"<p>Son 43 formaciones que totalizan 150 vagones. Ser\u00e1n adquiridas por contrataci\u00f3n directa y no por&#8230;<\/p>\n","protected":false},"author":1,"featured_media":0,"comment_status":"open","ping_status":"open","sticky":false,"template":"","format":"standard","meta":{"footnotes":""},"categories":[3],"tags":[],"class_list":["post-50201","post","type-post","status-publish","format-standard","has-post-thumbnail","hentry","category-nacionales"],"_links":{"self":[{"href":"https:\/\/masquenoticiastucuman.com.ar\/index.php?rest_route=\/wp\/v2\/posts\/50201","targetHints":{"allow":["GET"]}}],"collection":[{"href":"https:\/\/masquenoticiastucuman.com.ar\/index.php?rest_route=\/wp\/v2\/posts"}],"about":[{"href":"https:\/\/masquenoticiastucuman.com.ar\/index.php?rest_route=\/wp\/v2\/types\/post"}],"author":[{"embeddable":true,"href":"https:\/\/masquenoticiastucuman.com.ar\/index.php?rest_route=\/wp\/v2\/users\/1"}],"replies":[{"embeddable":true,"href":"https:\/\/masquenoticiastucuman.com.ar\/index.php?rest_route=%2Fwp%2Fv2%2Fcomments&post=50201"}],"version-history":[{"count":0,"href":"https:\/\/masquenoticiastucuman.com.ar\/index.php?rest_route=\/wp\/v2\/posts\/50201\/revisions"}],"wp:attachment":[{"href":"https:\/\/masquenoticiastucuman.com.ar\/index.php?rest_route=%2Fwp%2Fv2%2Fmedia&parent=50201"}],"wp:term":[{"taxonomy":"category","embeddable":true,"href":"https:\/\/masquenoticiastucuman.com.ar\/index.php?rest_route=%2Fwp%2Fv2%2Fcategories&post=50201"},{"taxonomy":"post_tag","embeddable":true,"href":"https:\/\/masquenoticiastucuman.com.ar\/index.php?rest_route=%2Fwp%2Fv2%2Ftags&post=50201"}],"curies":[{"name":"wp","href":"https:\/\/api.w.org\/{rel}","templated":true}]}}