{"id":50203,"date":"2025-11-20T13:05:49","date_gmt":"2025-11-20T16:05:49","guid":{"rendered":"http:\/\/masquenoticiastucuman.com.ar\/?p=50203"},"modified":"2025-11-20T13:05:49","modified_gmt":"2025-11-20T16:05:49","slug":"el-spin-off-de-friends-estrena-ocho-episodios-ineditos-a-20-anos-de-su-debut-donde-y-como-verlos-gratis","status":"publish","type":"post","link":"https:\/\/masquenoticiastucuman.com.ar\/?p=50203","title":{"rendered":"El spin-off de Friends estrena ocho episodios in\u00e9ditos, a 20 a\u00f1os de su debut: d\u00f3nde y c\u00f3mo verlos gratis"},"content":{"rendered":"<ul>\n<li>La recordada sitcom sac\u00f3 a la luz cap\u00edtulos no emitidos de &#8220;Joey&#8221;, su serie derivada, con Matt LeBlanc como protagonista.<\/li>\n<li>C\u00f3mo ver todos los episodios de manera gratuita, sin la necesidad de pagar ninguna plataforma de <em>streaming<\/em>.<\/li>\n<\/ul>\n<p>\u200bLa recordada sitcom sac\u00f3 a la luz cap\u00edtulos no emitidos de &#8220;Joey&#8221;, su serie derivada, con Matt LeBlanc como protagonista.C\u00f3mo ver todos los episodios de manera gratuita, sin la necesidad de pagar ninguna plataforma de streaming.\u00a0<a href=\"https:\/\/www.clarin.com\/espectaculos\/spin-off-friends-estrena-episodios-ineditos-20-anos-debut-verlos-gratis_0_7zSzqW3Jz3.html\" target=\"_blank\" class=\"feedzy-rss-link-icon\">Read More<\/a><\/p>","protected":false},"excerpt":{"rendered":"<p>La recordada sitcom sac\u00f3 a la luz cap\u00edtulos no emitidos de &#8220;Joey&#8221;, su serie derivada,&#8230;<\/p>\n","protected":false},"author":1,"featured_media":50204,"comment_status":"open","ping_status":"open","sticky":false,"template":"","format":"standard","meta":{"footnotes":""},"categories":[5],"tags":[],"class_list":["post-50203","post","type-post","status-publish","format-standard","has-post-thumbnail","hentry","category-espectaculo"],"_links":{"self":[{"href":"https:\/\/masquenoticiastucuman.com.ar\/index.php?rest_route=\/wp\/v2\/posts\/50203","targetHints":{"allow":["GET"]}}],"collection":[{"href":"https:\/\/masquenoticiastucuman.com.ar\/index.php?rest_route=\/wp\/v2\/posts"}],"about":[{"href":"https:\/\/masquenoticiastucuman.com.ar\/index.php?rest_route=\/wp\/v2\/types\/post"}],"author":[{"embeddable":true,"href":"https:\/\/masquenoticiastucuman.com.ar\/index.php?rest_route=\/wp\/v2\/users\/1"}],"replies":[{"embeddable":true,"href":"https:\/\/masquenoticiastucuman.com.ar\/index.php?rest_route=%2Fwp%2Fv2%2Fcomments&post=50203"}],"version-history":[{"count":0,"href":"https:\/\/masquenoticiastucuman.com.ar\/index.php?rest_route=\/wp\/v2\/posts\/50203\/revisions"}],"wp:featuredmedia":[{"embeddable":true,"href":"https:\/\/masquenoticiastucuman.com.ar\/index.php?rest_route=\/wp\/v2\/media\/50204"}],"wp:attachment":[{"href":"https:\/\/masquenoticiastucuman.com.ar\/index.php?rest_route=%2Fwp%2Fv2%2Fmedia&parent=50203"}],"wp:term":[{"taxonomy":"category","embeddable":true,"href":"https:\/\/masquenoticiastucuman.com.ar\/index.php?rest_route=%2Fwp%2Fv2%2Fcategories&post=50203"},{"taxonomy":"post_tag","embeddable":true,"href":"https:\/\/masquenoticiastucuman.com.ar\/index.php?rest_route=%2Fwp%2Fv2%2Ftags&post=50203"}],"curies":[{"name":"wp","href":"https:\/\/api.w.org\/{rel}","templated":true}]}}