{"id":50207,"date":"2025-11-20T13:01:03","date_gmt":"2025-11-20T16:01:03","guid":{"rendered":"http:\/\/masquenoticiastucuman.com.ar\/?p=50207"},"modified":"2025-11-20T13:01:03","modified_gmt":"2025-11-20T16:01:03","slug":"la-canciller-de-colombia-apoyo-la-idea-de-que-maduro-deje-el-poder-y-bogota-dijo-que-la-sacaron-de-contexto","status":"publish","type":"post","link":"https:\/\/masquenoticiastucuman.com.ar\/?p=50207","title":{"rendered":"La canciller de Colombia apoy\u00f3 la idea de que Maduro deje el poder y Bogot\u00e1 dijo que la sacaron de contexto"},"content":{"rendered":"<ul>\n<li>De visita en Madrid, la ministra de Relaciones Exteriores Rosa Villavicencio expres\u00f3 que &#8220;Maduro se inclinar\u00eda a aceptarlo&#8221; si se le garantiza que no ir\u00e1 a prisi\u00f3n.<\/li>\n<li>La Canciller\u00eda colombiana calific\u00f3 las declaraciones de Villavicencio como &#8220;informaci\u00f3n descontextualizada publicada en los medios&#8221;.<\/li>\n<\/ul>\n<p>\u200bDe visita en Madrid, la ministra de Relaciones Exteriores Rosa Villavicencio expres\u00f3 que &#8220;Maduro se inclinar\u00eda a aceptarlo&#8221; si se le garantiza que no ir\u00e1 a prisi\u00f3n.La Canciller\u00eda colombiana calific\u00f3 las declaraciones de Villavicencio como &#8220;informaci\u00f3n descontextualizada publicada en los medios&#8221;.\u00a0<a href=\"https:\/\/www.clarin.com\/mundo\/canciller-colombia-apoyo-idea-maduro-deje-poder-bogota-dijo-sacaron-contexto_0_i3NTQThIsD.html\" target=\"_blank\" class=\"feedzy-rss-link-icon\">Read More<\/a><\/p>","protected":false},"excerpt":{"rendered":"<p>De visita en Madrid, la ministra de Relaciones Exteriores Rosa Villavicencio expres\u00f3 que &#8220;Maduro se&#8230;<\/p>\n","protected":false},"author":1,"featured_media":50208,"comment_status":"open","ping_status":"open","sticky":false,"template":"","format":"standard","meta":{"footnotes":""},"categories":[4],"tags":[],"class_list":["post-50207","post","type-post","status-publish","format-standard","has-post-thumbnail","hentry","category-internacionales"],"_links":{"self":[{"href":"https:\/\/masquenoticiastucuman.com.ar\/index.php?rest_route=\/wp\/v2\/posts\/50207","targetHints":{"allow":["GET"]}}],"collection":[{"href":"https:\/\/masquenoticiastucuman.com.ar\/index.php?rest_route=\/wp\/v2\/posts"}],"about":[{"href":"https:\/\/masquenoticiastucuman.com.ar\/index.php?rest_route=\/wp\/v2\/types\/post"}],"author":[{"embeddable":true,"href":"https:\/\/masquenoticiastucuman.com.ar\/index.php?rest_route=\/wp\/v2\/users\/1"}],"replies":[{"embeddable":true,"href":"https:\/\/masquenoticiastucuman.com.ar\/index.php?rest_route=%2Fwp%2Fv2%2Fcomments&post=50207"}],"version-history":[{"count":0,"href":"https:\/\/masquenoticiastucuman.com.ar\/index.php?rest_route=\/wp\/v2\/posts\/50207\/revisions"}],"wp:featuredmedia":[{"embeddable":true,"href":"https:\/\/masquenoticiastucuman.com.ar\/index.php?rest_route=\/wp\/v2\/media\/50208"}],"wp:attachment":[{"href":"https:\/\/masquenoticiastucuman.com.ar\/index.php?rest_route=%2Fwp%2Fv2%2Fmedia&parent=50207"}],"wp:term":[{"taxonomy":"category","embeddable":true,"href":"https:\/\/masquenoticiastucuman.com.ar\/index.php?rest_route=%2Fwp%2Fv2%2Fcategories&post=50207"},{"taxonomy":"post_tag","embeddable":true,"href":"https:\/\/masquenoticiastucuman.com.ar\/index.php?rest_route=%2Fwp%2Fv2%2Ftags&post=50207"}],"curies":[{"name":"wp","href":"https:\/\/api.w.org\/{rel}","templated":true}]}}