{"id":50209,"date":"2025-11-20T13:34:57","date_gmt":"2025-11-20T16:34:57","guid":{"rendered":"http:\/\/masquenoticiastucuman.com.ar\/?p=50209"},"modified":"2025-11-20T13:34:57","modified_gmt":"2025-11-20T16:34:57","slug":"polemica-con-rosario-central-la-liga-profesional-corono-campeon-al-equipo-de-angel-di-maria-por-haber-sido-el-mejor-de-la-tabla-anual","status":"publish","type":"post","link":"https:\/\/masquenoticiastucuman.com.ar\/?p=50209","title":{"rendered":"Pol\u00e9mica con Rosario Central: la Liga Profesional coron\u00f3 campe\u00f3n al equipo de \u00c1ngel Di Mar\u00eda por haber sido el mejor de la tabla anual"},"content":{"rendered":"<ul>\n<li>Hasta ahora, el que lograba esa ubicaci\u00f3n se aseguraba jugar la Supercopa Internacional.<\/li>\n<li>El cambio, sobre la marcha, acrecienta las cr\u00edticas de favoritismo que pesan sobre el Canalla.<\/li>\n<li>Con Fideo a la cabeza, una comitiva del club rosarino recibi\u00f3 el premio en las oficinas.<\/li>\n<\/ul>\n<p>\u200bHasta ahora, el que lograba esa ubicaci\u00f3n se aseguraba jugar la Supercopa Internacional.El cambio, sobre la marcha, acrecienta las cr\u00edticas de favoritismo que pesan sobre el Canalla.Con Fideo a la cabeza, una comitiva del club rosarino recibi\u00f3 el premio en las oficinas.\u00a0<a href=\"https:\/\/www.clarin.com\/deportes\/polemica-rosario-central-liga-profesional-corono-campeon-equipo-angel-di-maria-mejor-tabla-anual_0_bOp8N5PQS9.html\" target=\"_blank\" class=\"feedzy-rss-link-icon\">Read More<\/a><\/p>","protected":false},"excerpt":{"rendered":"<p>Hasta ahora, el que lograba esa ubicaci\u00f3n se aseguraba jugar la Supercopa Internacional. El cambio,&#8230;<\/p>\n","protected":false},"author":1,"featured_media":0,"comment_status":"open","ping_status":"open","sticky":false,"template":"","format":"standard","meta":{"footnotes":""},"categories":[6],"tags":[],"class_list":["post-50209","post","type-post","status-publish","format-standard","has-post-thumbnail","hentry","category-deportes"],"_links":{"self":[{"href":"https:\/\/masquenoticiastucuman.com.ar\/index.php?rest_route=\/wp\/v2\/posts\/50209","targetHints":{"allow":["GET"]}}],"collection":[{"href":"https:\/\/masquenoticiastucuman.com.ar\/index.php?rest_route=\/wp\/v2\/posts"}],"about":[{"href":"https:\/\/masquenoticiastucuman.com.ar\/index.php?rest_route=\/wp\/v2\/types\/post"}],"author":[{"embeddable":true,"href":"https:\/\/masquenoticiastucuman.com.ar\/index.php?rest_route=\/wp\/v2\/users\/1"}],"replies":[{"embeddable":true,"href":"https:\/\/masquenoticiastucuman.com.ar\/index.php?rest_route=%2Fwp%2Fv2%2Fcomments&post=50209"}],"version-history":[{"count":0,"href":"https:\/\/masquenoticiastucuman.com.ar\/index.php?rest_route=\/wp\/v2\/posts\/50209\/revisions"}],"wp:attachment":[{"href":"https:\/\/masquenoticiastucuman.com.ar\/index.php?rest_route=%2Fwp%2Fv2%2Fmedia&parent=50209"}],"wp:term":[{"taxonomy":"category","embeddable":true,"href":"https:\/\/masquenoticiastucuman.com.ar\/index.php?rest_route=%2Fwp%2Fv2%2Fcategories&post=50209"},{"taxonomy":"post_tag","embeddable":true,"href":"https:\/\/masquenoticiastucuman.com.ar\/index.php?rest_route=%2Fwp%2Fv2%2Ftags&post=50209"}],"curies":[{"name":"wp","href":"https:\/\/api.w.org\/{rel}","templated":true}]}}