{"id":50210,"date":"2025-11-20T14:30:31","date_gmt":"2025-11-20T17:30:31","guid":{"rendered":"http:\/\/masquenoticiastucuman.com.ar\/?p=50210"},"modified":"2025-11-20T14:30:31","modified_gmt":"2025-11-20T17:30:31","slug":"f1-gp-de-las-vegas-con-franco-colapinto-en-vivo-horarios-de-las-practicas-libres-y-donde-ver-la-formula-1-este-jueves-20-de-noviembre","status":"publish","type":"post","link":"https:\/\/masquenoticiastucuman.com.ar\/?p=50210","title":{"rendered":"F1 GP de Las Vegas, con Franco Colapinto, EN VIVO: horarios de las pr\u00e1cticas libres y d\u00f3nde ver la F\u00f3rmula 1 este jueves 20 de noviembre"},"content":{"rendered":"<ul>\n<li>Franco Colapinto compite por d\u00e9cima sexta vez en 2025 en uno de los A525 de Alpine.<\/li>\n<li>El a\u00f1o pasado, el piloto argentino sufri\u00f3 un choque de 50G con el Williams.<\/li>\n<\/ul>\n<p>\u200bFranco Colapinto compite por d\u00e9cima sexta vez en 2025 en uno de los A525 de Alpine.El a\u00f1o pasado, el piloto argentino sufri\u00f3 un choque de 50G con el Williams.\u00a0<a href=\"https:\/\/www.clarin.com\/deportes\/gran-premio-vegas-franco-colapinto-vivo-horarios-practicas-libres-ver-formula-1_0_RfqQq86UEm.html\" target=\"_blank\" class=\"feedzy-rss-link-icon\">Read More<\/a><\/p>","protected":false},"excerpt":{"rendered":"<p>Franco Colapinto compite por d\u00e9cima sexta vez en 2025 en uno de los A525 de&#8230;<\/p>\n","protected":false},"author":1,"featured_media":0,"comment_status":"open","ping_status":"open","sticky":false,"template":"","format":"standard","meta":{"footnotes":""},"categories":[6],"tags":[],"class_list":["post-50210","post","type-post","status-publish","format-standard","has-post-thumbnail","hentry","category-deportes"],"_links":{"self":[{"href":"https:\/\/masquenoticiastucuman.com.ar\/index.php?rest_route=\/wp\/v2\/posts\/50210","targetHints":{"allow":["GET"]}}],"collection":[{"href":"https:\/\/masquenoticiastucuman.com.ar\/index.php?rest_route=\/wp\/v2\/posts"}],"about":[{"href":"https:\/\/masquenoticiastucuman.com.ar\/index.php?rest_route=\/wp\/v2\/types\/post"}],"author":[{"embeddable":true,"href":"https:\/\/masquenoticiastucuman.com.ar\/index.php?rest_route=\/wp\/v2\/users\/1"}],"replies":[{"embeddable":true,"href":"https:\/\/masquenoticiastucuman.com.ar\/index.php?rest_route=%2Fwp%2Fv2%2Fcomments&post=50210"}],"version-history":[{"count":0,"href":"https:\/\/masquenoticiastucuman.com.ar\/index.php?rest_route=\/wp\/v2\/posts\/50210\/revisions"}],"wp:attachment":[{"href":"https:\/\/masquenoticiastucuman.com.ar\/index.php?rest_route=%2Fwp%2Fv2%2Fmedia&parent=50210"}],"wp:term":[{"taxonomy":"category","embeddable":true,"href":"https:\/\/masquenoticiastucuman.com.ar\/index.php?rest_route=%2Fwp%2Fv2%2Fcategories&post=50210"},{"taxonomy":"post_tag","embeddable":true,"href":"https:\/\/masquenoticiastucuman.com.ar\/index.php?rest_route=%2Fwp%2Fv2%2Ftags&post=50210"}],"curies":[{"name":"wp","href":"https:\/\/api.w.org\/{rel}","templated":true}]}}