{"id":50211,"date":"2025-11-20T14:29:28","date_gmt":"2025-11-20T17:29:28","guid":{"rendered":"http:\/\/masquenoticiastucuman.com.ar\/?p=50211"},"modified":"2025-11-20T14:29:28","modified_gmt":"2025-11-20T17:29:28","slug":"asi-fue-la-insolita-coronacion-de-afa-a-rosario-central-como-campeon-de-la-liga-profesional-2025-trofeo-take-away-y-la-foto-de-di-maria","status":"publish","type":"post","link":"https:\/\/masquenoticiastucuman.com.ar\/?p=50211","title":{"rendered":"As\u00ed fue la ins\u00f3lita coronaci\u00f3n de AFA a Rosario Central como campe\u00f3n de la Liga Profesional 2025: trofeo &#8220;take away&#8221; y la foto de Di Mar\u00eda"},"content":{"rendered":"<ul>\n<li>El Canalla fue premiado por haber terminado primero en la tabla anual de puntos.<\/li>\n<li>Angel Di Mar\u00eda fue uno de los que recibi\u00f3 el trofeo en las oficinas de la Liga.<\/li>\n<\/ul>\n<p>\u200bEl Canalla fue premiado por haber terminado primero en la tabla anual de puntos.Angel Di Mar\u00eda fue uno de los que recibi\u00f3 el trofeo en las oficinas de la Liga.\u00a0<a href=\"https:\/\/www.clarin.com\/deportes\/insolita-coronacion-afa-rosario-central-campeon-liga-profesional-2025-trofeo-take-away-foto-di-maria_0_pXBLO01OfX.html\" target=\"_blank\" class=\"feedzy-rss-link-icon\">Read More<\/a><\/p>","protected":false},"excerpt":{"rendered":"<p>El Canalla fue premiado por haber terminado primero en la tabla anual de puntos. Angel&#8230;<\/p>\n","protected":false},"author":1,"featured_media":0,"comment_status":"open","ping_status":"open","sticky":false,"template":"","format":"standard","meta":{"footnotes":""},"categories":[6],"tags":[],"class_list":["post-50211","post","type-post","status-publish","format-standard","has-post-thumbnail","hentry","category-deportes"],"_links":{"self":[{"href":"https:\/\/masquenoticiastucuman.com.ar\/index.php?rest_route=\/wp\/v2\/posts\/50211","targetHints":{"allow":["GET"]}}],"collection":[{"href":"https:\/\/masquenoticiastucuman.com.ar\/index.php?rest_route=\/wp\/v2\/posts"}],"about":[{"href":"https:\/\/masquenoticiastucuman.com.ar\/index.php?rest_route=\/wp\/v2\/types\/post"}],"author":[{"embeddable":true,"href":"https:\/\/masquenoticiastucuman.com.ar\/index.php?rest_route=\/wp\/v2\/users\/1"}],"replies":[{"embeddable":true,"href":"https:\/\/masquenoticiastucuman.com.ar\/index.php?rest_route=%2Fwp%2Fv2%2Fcomments&post=50211"}],"version-history":[{"count":0,"href":"https:\/\/masquenoticiastucuman.com.ar\/index.php?rest_route=\/wp\/v2\/posts\/50211\/revisions"}],"wp:attachment":[{"href":"https:\/\/masquenoticiastucuman.com.ar\/index.php?rest_route=%2Fwp%2Fv2%2Fmedia&parent=50211"}],"wp:term":[{"taxonomy":"category","embeddable":true,"href":"https:\/\/masquenoticiastucuman.com.ar\/index.php?rest_route=%2Fwp%2Fv2%2Fcategories&post=50211"},{"taxonomy":"post_tag","embeddable":true,"href":"https:\/\/masquenoticiastucuman.com.ar\/index.php?rest_route=%2Fwp%2Fv2%2Ftags&post=50211"}],"curies":[{"name":"wp","href":"https:\/\/api.w.org\/{rel}","templated":true}]}}