{"id":50212,"date":"2025-11-20T14:04:23","date_gmt":"2025-11-20T17:04:23","guid":{"rendered":"http:\/\/masquenoticiastucuman.com.ar\/?p=50212"},"modified":"2025-11-20T14:04:23","modified_gmt":"2025-11-20T17:04:23","slug":"escenas-de-la-vida-conyugal-el-reestreno-de-la-obra-con-ricardo-darin-y-andrea-pietra-tuvo-el-exquisito-sabor-de-un-vino-bien-anejado","status":"publish","type":"post","link":"https:\/\/masquenoticiastucuman.com.ar\/?p=50212","title":{"rendered":"&#8220;Escenas de la vida conyugal&#8221;: el reestreno de la obra con Ricardo Dar\u00edn y Andrea Pietra tuvo el exquisito sabor de un vino bien a\u00f1ejado"},"content":{"rendered":"<ul>\n<li>Tras su \u00faltima gira por Espa\u00f1a, la pieza dirigida por Norma Aleandro tuvo su primera funci\u00f3n este mi\u00e9rcoles en el Coliseo, con <strong>Mirtha Legrand como invitada especial<\/strong> en la sala.<\/li>\n<li>La historia que <strong>Ingmar Bergman<\/strong> cre\u00f3 para la TV sueca en 1973, y que luego fue pel\u00edcula y pieza teatral, bucea en las luces y sombras de un matrimonio que, en este caso, ofrece un duelo actoral conmovedor.<\/li>\n<li>Imperdible.<\/li>\n<\/ul>\n<p>\u200bTras su \u00faltima gira por Espa\u00f1a, la pieza dirigida por Norma Aleandro tuvo su primera funci\u00f3n este mi\u00e9rcoles en el Coliseo, con Mirtha Legrand como invitada especial en la sala.La historia que Ingmar Bergman cre\u00f3 para la TV sueca en 1973, y que luego fue pel\u00edcula y pieza teatral, bucea en las luces y sombras de un matrimonio que, en este caso, ofrece un duelo actoral conmovedor.Imperdible.\u00a0<a href=\"https:\/\/www.clarin.com\/espectaculos\/escenas-vida-conyugal-reestreno-obra-ricardo-darin-andrea-pietra-exquisito-sabor-vino-bien-anejado_0_6zcnNZFmWR.html\" target=\"_blank\" class=\"feedzy-rss-link-icon\">Read More<\/a><\/p>","protected":false},"excerpt":{"rendered":"<p>Tras su \u00faltima gira por Espa\u00f1a, la pieza dirigida por Norma Aleandro tuvo su primera&#8230;<\/p>\n","protected":false},"author":1,"featured_media":50213,"comment_status":"open","ping_status":"open","sticky":false,"template":"","format":"standard","meta":{"footnotes":""},"categories":[5],"tags":[],"class_list":["post-50212","post","type-post","status-publish","format-standard","has-post-thumbnail","hentry","category-espectaculo"],"_links":{"self":[{"href":"https:\/\/masquenoticiastucuman.com.ar\/index.php?rest_route=\/wp\/v2\/posts\/50212","targetHints":{"allow":["GET"]}}],"collection":[{"href":"https:\/\/masquenoticiastucuman.com.ar\/index.php?rest_route=\/wp\/v2\/posts"}],"about":[{"href":"https:\/\/masquenoticiastucuman.com.ar\/index.php?rest_route=\/wp\/v2\/types\/post"}],"author":[{"embeddable":true,"href":"https:\/\/masquenoticiastucuman.com.ar\/index.php?rest_route=\/wp\/v2\/users\/1"}],"replies":[{"embeddable":true,"href":"https:\/\/masquenoticiastucuman.com.ar\/index.php?rest_route=%2Fwp%2Fv2%2Fcomments&post=50212"}],"version-history":[{"count":0,"href":"https:\/\/masquenoticiastucuman.com.ar\/index.php?rest_route=\/wp\/v2\/posts\/50212\/revisions"}],"wp:featuredmedia":[{"embeddable":true,"href":"https:\/\/masquenoticiastucuman.com.ar\/index.php?rest_route=\/wp\/v2\/media\/50213"}],"wp:attachment":[{"href":"https:\/\/masquenoticiastucuman.com.ar\/index.php?rest_route=%2Fwp%2Fv2%2Fmedia&parent=50212"}],"wp:term":[{"taxonomy":"category","embeddable":true,"href":"https:\/\/masquenoticiastucuman.com.ar\/index.php?rest_route=%2Fwp%2Fv2%2Fcategories&post=50212"},{"taxonomy":"post_tag","embeddable":true,"href":"https:\/\/masquenoticiastucuman.com.ar\/index.php?rest_route=%2Fwp%2Fv2%2Ftags&post=50212"}],"curies":[{"name":"wp","href":"https:\/\/api.w.org\/{rel}","templated":true}]}}