{"id":50214,"date":"2025-11-20T15:01:54","date_gmt":"2025-11-20T18:01:54","guid":{"rendered":"http:\/\/masquenoticiastucuman.com.ar\/?p=50214"},"modified":"2025-11-20T15:01:54","modified_gmt":"2025-11-20T18:01:54","slug":"francia-pide-a-la-poblacion-que-arme-un-kit-de-emergencia-por-el-riesgo-de-catastrofes-o-guerras","status":"publish","type":"post","link":"https:\/\/masquenoticiastucuman.com.ar\/?p=50214","title":{"rendered":"Francia pide a la poblaci\u00f3n que arme un &#8220;kit de emergencia&#8221; por el riesgo de cat\u00e1strofes o guerras"},"content":{"rendered":"<ul>\n<li>Como ya lo hicieron otros pa\u00edses, y hasta la Uni\u00f3n Europea, el gobierno llama a la poblaci\u00f3n a prepararse ante desastres naturales o ataques.<\/li>\n<li>El jefe del ej\u00e9rcito lanz\u00f3 una fuerte advertencia y recibi\u00f3 una lluvia de criticas.<\/li>\n<\/ul>\n<p>\u200bComo ya lo hicieron otros pa\u00edses, y hasta la Uni\u00f3n Europea, el gobierno llama a la poblaci\u00f3n a prepararse ante desastres naturales o ataques.El jefe del ej\u00e9rcito lanz\u00f3 una fuerte advertencia y recibi\u00f3 una lluvia de criticas.\u00a0<a href=\"https:\/\/www.clarin.com\/mundo\/francia-pide-poblacion-arme-kit-emergencia-riesgo-catastrofes-guerras_0_tvMfv1TIUj.html\" target=\"_blank\" class=\"feedzy-rss-link-icon\">Read More<\/a><\/p>","protected":false},"excerpt":{"rendered":"<p>Como ya lo hicieron otros pa\u00edses, y hasta la Uni\u00f3n Europea, el gobierno llama a&#8230;<\/p>\n","protected":false},"author":1,"featured_media":50215,"comment_status":"open","ping_status":"open","sticky":false,"template":"","format":"standard","meta":{"footnotes":""},"categories":[4],"tags":[],"class_list":["post-50214","post","type-post","status-publish","format-standard","has-post-thumbnail","hentry","category-internacionales"],"_links":{"self":[{"href":"https:\/\/masquenoticiastucuman.com.ar\/index.php?rest_route=\/wp\/v2\/posts\/50214","targetHints":{"allow":["GET"]}}],"collection":[{"href":"https:\/\/masquenoticiastucuman.com.ar\/index.php?rest_route=\/wp\/v2\/posts"}],"about":[{"href":"https:\/\/masquenoticiastucuman.com.ar\/index.php?rest_route=\/wp\/v2\/types\/post"}],"author":[{"embeddable":true,"href":"https:\/\/masquenoticiastucuman.com.ar\/index.php?rest_route=\/wp\/v2\/users\/1"}],"replies":[{"embeddable":true,"href":"https:\/\/masquenoticiastucuman.com.ar\/index.php?rest_route=%2Fwp%2Fv2%2Fcomments&post=50214"}],"version-history":[{"count":0,"href":"https:\/\/masquenoticiastucuman.com.ar\/index.php?rest_route=\/wp\/v2\/posts\/50214\/revisions"}],"wp:featuredmedia":[{"embeddable":true,"href":"https:\/\/masquenoticiastucuman.com.ar\/index.php?rest_route=\/wp\/v2\/media\/50215"}],"wp:attachment":[{"href":"https:\/\/masquenoticiastucuman.com.ar\/index.php?rest_route=%2Fwp%2Fv2%2Fmedia&parent=50214"}],"wp:term":[{"taxonomy":"category","embeddable":true,"href":"https:\/\/masquenoticiastucuman.com.ar\/index.php?rest_route=%2Fwp%2Fv2%2Fcategories&post=50214"},{"taxonomy":"post_tag","embeddable":true,"href":"https:\/\/masquenoticiastucuman.com.ar\/index.php?rest_route=%2Fwp%2Fv2%2Ftags&post=50214"}],"curies":[{"name":"wp","href":"https:\/\/api.w.org\/{rel}","templated":true}]}}