{"id":50216,"date":"2025-11-20T14:50:12","date_gmt":"2025-11-20T17:50:12","guid":{"rendered":"http:\/\/masquenoticiastucuman.com.ar\/?p=50216"},"modified":"2025-11-20T14:50:12","modified_gmt":"2025-11-20T17:50:12","slug":"por-un-incendio-tuvieron-que-evacuar-de-urgencia-la-cumbre-climatica-cop30-en-la-ciudad-brasilena-de-belem","status":"publish","type":"post","link":"https:\/\/masquenoticiastucuman.com.ar\/?p=50216","title":{"rendered":"Por un incendio tuvieron que evacuar de urgencia la cumbre clim\u00e1tica COP30 en la ciudad brasile\u00f1a de Bel\u00e9m"},"content":{"rendered":"<ul>\n<li>Las llamas se iniciaron en la entrada del pabell\u00f3n central y se propagaron r\u00e1pidamente.<\/li>\n<li>Tuvieron que evacuar a miles de asistentes, entre ellos ministros de distintos pa\u00edses.<\/li>\n<\/ul>\n<p>\u200bLas llamas se iniciaron en la entrada del pabell\u00f3n central y se propagaron r\u00e1pidamente.Tuvieron que evacuar a miles de asistentes, entre ellos ministros de distintos pa\u00edses.\u00a0<a href=\"https:\/\/www.clarin.com\/mundo\/incendio-evacuar-urgencia-cumbre-climatica-cop30-ciudad-brasilena-belem_0_UyNCHIp0ET.html\" target=\"_blank\" class=\"feedzy-rss-link-icon\">Read More<\/a><\/p>","protected":false},"excerpt":{"rendered":"<p>Las llamas se iniciaron en la entrada del pabell\u00f3n central y se propagaron r\u00e1pidamente. Tuvieron&#8230;<\/p>\n","protected":false},"author":1,"featured_media":50217,"comment_status":"open","ping_status":"open","sticky":false,"template":"","format":"standard","meta":{"footnotes":""},"categories":[4],"tags":[],"class_list":["post-50216","post","type-post","status-publish","format-standard","has-post-thumbnail","hentry","category-internacionales"],"_links":{"self":[{"href":"https:\/\/masquenoticiastucuman.com.ar\/index.php?rest_route=\/wp\/v2\/posts\/50216","targetHints":{"allow":["GET"]}}],"collection":[{"href":"https:\/\/masquenoticiastucuman.com.ar\/index.php?rest_route=\/wp\/v2\/posts"}],"about":[{"href":"https:\/\/masquenoticiastucuman.com.ar\/index.php?rest_route=\/wp\/v2\/types\/post"}],"author":[{"embeddable":true,"href":"https:\/\/masquenoticiastucuman.com.ar\/index.php?rest_route=\/wp\/v2\/users\/1"}],"replies":[{"embeddable":true,"href":"https:\/\/masquenoticiastucuman.com.ar\/index.php?rest_route=%2Fwp%2Fv2%2Fcomments&post=50216"}],"version-history":[{"count":0,"href":"https:\/\/masquenoticiastucuman.com.ar\/index.php?rest_route=\/wp\/v2\/posts\/50216\/revisions"}],"wp:featuredmedia":[{"embeddable":true,"href":"https:\/\/masquenoticiastucuman.com.ar\/index.php?rest_route=\/wp\/v2\/media\/50217"}],"wp:attachment":[{"href":"https:\/\/masquenoticiastucuman.com.ar\/index.php?rest_route=%2Fwp%2Fv2%2Fmedia&parent=50216"}],"wp:term":[{"taxonomy":"category","embeddable":true,"href":"https:\/\/masquenoticiastucuman.com.ar\/index.php?rest_route=%2Fwp%2Fv2%2Fcategories&post=50216"},{"taxonomy":"post_tag","embeddable":true,"href":"https:\/\/masquenoticiastucuman.com.ar\/index.php?rest_route=%2Fwp%2Fv2%2Ftags&post=50216"}],"curies":[{"name":"wp","href":"https:\/\/api.w.org\/{rel}","templated":true}]}}