{"id":50218,"date":"2025-11-20T16:02:14","date_gmt":"2025-11-20T19:02:14","guid":{"rendered":"http:\/\/masquenoticiastucuman.com.ar\/?p=50218"},"modified":"2025-11-20T16:02:14","modified_gmt":"2025-11-20T19:02:14","slug":"la-mls-anuncio-su-calendario-2026-cuando-debuta-lionel-messi-con-inter-miami-todos-los-partidos-y-en-que-fecha-se-inaugura-su-nuevo-estadio-freedom-park","status":"publish","type":"post","link":"https:\/\/masquenoticiastucuman.com.ar\/?p=50218","title":{"rendered":"La MLS anunci\u00f3 su calendario 2026: cu\u00e1ndo debuta Lionel Messi con Inter Miami, todos los partidos y en qu\u00e9 fecha se inaugura su nuevo estadio Freedom Park"},"content":{"rendered":"<ul>\n<li>En el a\u00f1o del Mundial, la liga tendr\u00e1 un parate obligado y n\u00famero r\u00e9cord de convocatorias.<\/li>\n<li>El equipo del 10 argentino abre su historia enfrentando a LAFC en Los \u00c1ngeles, en febrero.<\/li>\n<li>Pero el almanaque tiene una fecha marcada: la noche en que su nuevo estadio ver\u00e1 la luz.<\/li>\n<\/ul>\n<p>\u200bEn el a\u00f1o del Mundial, la liga tendr\u00e1 un parate obligado y n\u00famero r\u00e9cord de convocatorias.El equipo del 10 argentino abre su historia enfrentando a LAFC en Los \u00c1ngeles, en febrero.Pero el almanaque tiene una fecha marcada: la noche en que su nuevo estadio ver\u00e1 la luz.\u00a0<a href=\"https:\/\/www.clarin.com\/deportes\/mls-anuncio-calendario-2026-debuta-lionel-messi-inter-miami-partidos-fecha-inaugura-nuevo-estadio-freedom-park_0_yocwTIajqr.html\" target=\"_blank\" class=\"feedzy-rss-link-icon\">Read More<\/a><\/p>","protected":false},"excerpt":{"rendered":"<p>En el a\u00f1o del Mundial, la liga tendr\u00e1 un parate obligado y n\u00famero r\u00e9cord de&#8230;<\/p>\n","protected":false},"author":1,"featured_media":0,"comment_status":"open","ping_status":"open","sticky":false,"template":"","format":"standard","meta":{"footnotes":""},"categories":[6],"tags":[],"class_list":["post-50218","post","type-post","status-publish","format-standard","has-post-thumbnail","hentry","category-deportes"],"_links":{"self":[{"href":"https:\/\/masquenoticiastucuman.com.ar\/index.php?rest_route=\/wp\/v2\/posts\/50218","targetHints":{"allow":["GET"]}}],"collection":[{"href":"https:\/\/masquenoticiastucuman.com.ar\/index.php?rest_route=\/wp\/v2\/posts"}],"about":[{"href":"https:\/\/masquenoticiastucuman.com.ar\/index.php?rest_route=\/wp\/v2\/types\/post"}],"author":[{"embeddable":true,"href":"https:\/\/masquenoticiastucuman.com.ar\/index.php?rest_route=\/wp\/v2\/users\/1"}],"replies":[{"embeddable":true,"href":"https:\/\/masquenoticiastucuman.com.ar\/index.php?rest_route=%2Fwp%2Fv2%2Fcomments&post=50218"}],"version-history":[{"count":0,"href":"https:\/\/masquenoticiastucuman.com.ar\/index.php?rest_route=\/wp\/v2\/posts\/50218\/revisions"}],"wp:attachment":[{"href":"https:\/\/masquenoticiastucuman.com.ar\/index.php?rest_route=%2Fwp%2Fv2%2Fmedia&parent=50218"}],"wp:term":[{"taxonomy":"category","embeddable":true,"href":"https:\/\/masquenoticiastucuman.com.ar\/index.php?rest_route=%2Fwp%2Fv2%2Fcategories&post=50218"},{"taxonomy":"post_tag","embeddable":true,"href":"https:\/\/masquenoticiastucuman.com.ar\/index.php?rest_route=%2Fwp%2Fv2%2Ftags&post=50218"}],"curies":[{"name":"wp","href":"https:\/\/api.w.org\/{rel}","templated":true}]}}