{"id":50219,"date":"2025-11-20T15:58:59","date_gmt":"2025-11-20T18:58:59","guid":{"rendered":"http:\/\/masquenoticiastucuman.com.ar\/?p=50219"},"modified":"2025-11-20T15:58:59","modified_gmt":"2025-11-20T18:58:59","slug":"rosario-central-campeon-de-la-liga-2025-con-su-estrella-13-alcanzo-a-huracan-en-la-tabla-historica-del-futbol-argentino","status":"publish","type":"post","link":"https:\/\/masquenoticiastucuman.com.ar\/?p=50219","title":{"rendered":"Rosario Central, campe\u00f3n de la Liga 2025: con su estrella 13 alcanz\u00f3 a Hurac\u00e1n en la tabla hist\u00f3rica del f\u00fatbol argentino"},"content":{"rendered":"<ul>\n<li>El Canalla fue coronado con pol\u00e9mica por la AFA.<\/li>\n<li>Fue por los puntos sumados durante todo el a\u00f1o.<\/li>\n<li>Ahora tiene 13 titulos, 12 locales y uno internacional.<\/li>\n<\/ul>\n<p>\u200bEl Canalla fue coronado con pol\u00e9mica por la AFA.Fue por los puntos sumados durante todo el a\u00f1o.Ahora tiene 13 titulos, 12 locales y uno internacional.\u00a0<a href=\"https:\/\/www.clarin.com\/deportes\/rosario-central-campeon-liga-2025-estrella-13-alcanzo-huracan-tabla-historica-futbol-argentino_0_eMGkaNfNEj.html\" target=\"_blank\" class=\"feedzy-rss-link-icon\">Read More<\/a><\/p>","protected":false},"excerpt":{"rendered":"<p>El Canalla fue coronado con pol\u00e9mica por la AFA. Fue por los puntos sumados durante&#8230;<\/p>\n","protected":false},"author":1,"featured_media":0,"comment_status":"open","ping_status":"open","sticky":false,"template":"","format":"standard","meta":{"footnotes":""},"categories":[6],"tags":[],"class_list":["post-50219","post","type-post","status-publish","format-standard","has-post-thumbnail","hentry","category-deportes"],"_links":{"self":[{"href":"https:\/\/masquenoticiastucuman.com.ar\/index.php?rest_route=\/wp\/v2\/posts\/50219","targetHints":{"allow":["GET"]}}],"collection":[{"href":"https:\/\/masquenoticiastucuman.com.ar\/index.php?rest_route=\/wp\/v2\/posts"}],"about":[{"href":"https:\/\/masquenoticiastucuman.com.ar\/index.php?rest_route=\/wp\/v2\/types\/post"}],"author":[{"embeddable":true,"href":"https:\/\/masquenoticiastucuman.com.ar\/index.php?rest_route=\/wp\/v2\/users\/1"}],"replies":[{"embeddable":true,"href":"https:\/\/masquenoticiastucuman.com.ar\/index.php?rest_route=%2Fwp%2Fv2%2Fcomments&post=50219"}],"version-history":[{"count":0,"href":"https:\/\/masquenoticiastucuman.com.ar\/index.php?rest_route=\/wp\/v2\/posts\/50219\/revisions"}],"wp:attachment":[{"href":"https:\/\/masquenoticiastucuman.com.ar\/index.php?rest_route=%2Fwp%2Fv2%2Fmedia&parent=50219"}],"wp:term":[{"taxonomy":"category","embeddable":true,"href":"https:\/\/masquenoticiastucuman.com.ar\/index.php?rest_route=%2Fwp%2Fv2%2Fcategories&post=50219"},{"taxonomy":"post_tag","embeddable":true,"href":"https:\/\/masquenoticiastucuman.com.ar\/index.php?rest_route=%2Fwp%2Fv2%2Ftags&post=50219"}],"curies":[{"name":"wp","href":"https:\/\/api.w.org\/{rel}","templated":true}]}}