{"id":50225,"date":"2025-11-20T18:01:55","date_gmt":"2025-11-20T21:01:55","guid":{"rendered":"http:\/\/masquenoticiastucuman.com.ar\/?p=50225"},"modified":"2025-11-20T18:01:55","modified_gmt":"2025-11-20T21:01:55","slug":"vagones-exclusivos-para-mujeres-en-paris-estalla-un-debate-entre-proteccion-o-separatismo-en-el-transporte-publico-frances","status":"publish","type":"post","link":"https:\/\/masquenoticiastucuman.com.ar\/?p=50225","title":{"rendered":"\u00bfVagones exclusivos para mujeres en Par\u00eds?: estalla un debate entre protecci\u00f3n o separatismo en el transporte p\u00fablico franc\u00e9s"},"content":{"rendered":"<ul>\n<li>Una joven turista brasile\u00f1a present\u00f3 una denuncia tras ser agredida y sufrir un intento de violaci\u00f3n en un tren. Por el caso, se abri\u00f3 una fuerte discusi\u00f3n pol\u00edtica.<\/li>\n<li>Un estudio reciente revel\u00f3 que en 2024 se denunciaron 3.374 delitos sexuales tanto en la red de metro como de \u00f3mnibus.<\/li>\n<\/ul>\n<p>\u200bUna joven turista brasile\u00f1a present\u00f3 una denuncia tras ser agredida y sufrir un intento de violaci\u00f3n en un tren. Por el caso, se abri\u00f3 una fuerte discusi\u00f3n pol\u00edtica.Un estudio reciente revel\u00f3 que en 2024 se denunciaron 3.374 delitos sexuales tanto en la red de metro como de \u00f3mnibus.\u00a0<a href=\"https:\/\/www.clarin.com\/mundo\/vagones-exclusivos-mujeres-paris-estalla-debate-proteccion-separatismo-transporte-publico-frances_0_nOg1263iFI.html\" target=\"_blank\" class=\"feedzy-rss-link-icon\">Read More<\/a><\/p>","protected":false},"excerpt":{"rendered":"<p>Una joven turista brasile\u00f1a present\u00f3 una denuncia tras ser agredida y sufrir un intento de&#8230;<\/p>\n","protected":false},"author":1,"featured_media":50226,"comment_status":"open","ping_status":"open","sticky":false,"template":"","format":"standard","meta":{"footnotes":""},"categories":[4],"tags":[],"class_list":["post-50225","post","type-post","status-publish","format-standard","has-post-thumbnail","hentry","category-internacionales"],"_links":{"self":[{"href":"https:\/\/masquenoticiastucuman.com.ar\/index.php?rest_route=\/wp\/v2\/posts\/50225","targetHints":{"allow":["GET"]}}],"collection":[{"href":"https:\/\/masquenoticiastucuman.com.ar\/index.php?rest_route=\/wp\/v2\/posts"}],"about":[{"href":"https:\/\/masquenoticiastucuman.com.ar\/index.php?rest_route=\/wp\/v2\/types\/post"}],"author":[{"embeddable":true,"href":"https:\/\/masquenoticiastucuman.com.ar\/index.php?rest_route=\/wp\/v2\/users\/1"}],"replies":[{"embeddable":true,"href":"https:\/\/masquenoticiastucuman.com.ar\/index.php?rest_route=%2Fwp%2Fv2%2Fcomments&post=50225"}],"version-history":[{"count":0,"href":"https:\/\/masquenoticiastucuman.com.ar\/index.php?rest_route=\/wp\/v2\/posts\/50225\/revisions"}],"wp:featuredmedia":[{"embeddable":true,"href":"https:\/\/masquenoticiastucuman.com.ar\/index.php?rest_route=\/wp\/v2\/media\/50226"}],"wp:attachment":[{"href":"https:\/\/masquenoticiastucuman.com.ar\/index.php?rest_route=%2Fwp%2Fv2%2Fmedia&parent=50225"}],"wp:term":[{"taxonomy":"category","embeddable":true,"href":"https:\/\/masquenoticiastucuman.com.ar\/index.php?rest_route=%2Fwp%2Fv2%2Fcategories&post=50225"},{"taxonomy":"post_tag","embeddable":true,"href":"https:\/\/masquenoticiastucuman.com.ar\/index.php?rest_route=%2Fwp%2Fv2%2Ftags&post=50225"}],"curies":[{"name":"wp","href":"https:\/\/api.w.org\/{rel}","templated":true}]}}