{"id":50227,"date":"2025-11-20T16:31:54","date_gmt":"2025-11-20T19:31:54","guid":{"rendered":"http:\/\/masquenoticiastucuman.com.ar\/?p=50227"},"modified":"2025-11-20T16:31:54","modified_gmt":"2025-11-20T19:31:54","slug":"el-papa-leon-xiv-rezo-en-asis-en-la-tumba-de-san-francisco-invito-a-la-iglesia-a-desarrollar-una-cultura-de-la-prevencion-frente-al-abuso-de-los-menores","status":"publish","type":"post","link":"https:\/\/masquenoticiastucuman.com.ar\/?p=50227","title":{"rendered":"El papa Le\u00f3n XIV rez\u00f3 en As\u00eds en la tumba de San Francisco: invit\u00f3 a la Iglesia a desarrollar una \u201ccultura de la prevenci\u00f3n\u201d frente al abuso de los menores"},"content":{"rendered":"<ul>\n<li>\u201cQuisiera recomendar una atenci\u00f3n particular a los m\u00e1s peque\u00f1os y a los m\u00e1s vulnerables, para que pueda desarrollarse una cultura de prevenci\u00f3n de todas las formas de abuso\u201d, dijo el pont\u00edfice.<\/li>\n<li>En un informe de la Red El Abuso se estima que 1.106 sacerdotes en Italia \u201ccometieron abusos desde el a\u00f1o 2000, con cerca de 4.400 v\u00edctimas&#8221;.<\/li>\n<\/ul>\n<p>\u200b\u201cQuisiera recomendar una atenci\u00f3n particular a los m\u00e1s peque\u00f1os y a los m\u00e1s vulnerables, para que pueda desarrollarse una cultura de prevenci\u00f3n de todas las formas de abuso\u201d, dijo el pont\u00edfice.En un informe de la Red El Abuso se estima que 1.106 sacerdotes en Italia \u201ccometieron abusos desde el a\u00f1o 2000, con cerca de 4.400 v\u00edctimas&#8221;.\u00a0<a href=\"https:\/\/www.clarin.com\/mundo\/papa-leon-xiv-rezo-asis-tumba-san-francisco-invito-iglesia-desarrollar-cultura-prevencion-frente-abuso-menores_0_c3W6UOAKA8.html\" target=\"_blank\" class=\"feedzy-rss-link-icon\">Read More<\/a><\/p>","protected":false},"excerpt":{"rendered":"<p>\u201cQuisiera recomendar una atenci\u00f3n particular a los m\u00e1s peque\u00f1os y a los m\u00e1s vulnerables, para&#8230;<\/p>\n","protected":false},"author":1,"featured_media":50228,"comment_status":"open","ping_status":"open","sticky":false,"template":"","format":"standard","meta":{"footnotes":""},"categories":[4],"tags":[],"class_list":["post-50227","post","type-post","status-publish","format-standard","has-post-thumbnail","hentry","category-internacionales"],"_links":{"self":[{"href":"https:\/\/masquenoticiastucuman.com.ar\/index.php?rest_route=\/wp\/v2\/posts\/50227","targetHints":{"allow":["GET"]}}],"collection":[{"href":"https:\/\/masquenoticiastucuman.com.ar\/index.php?rest_route=\/wp\/v2\/posts"}],"about":[{"href":"https:\/\/masquenoticiastucuman.com.ar\/index.php?rest_route=\/wp\/v2\/types\/post"}],"author":[{"embeddable":true,"href":"https:\/\/masquenoticiastucuman.com.ar\/index.php?rest_route=\/wp\/v2\/users\/1"}],"replies":[{"embeddable":true,"href":"https:\/\/masquenoticiastucuman.com.ar\/index.php?rest_route=%2Fwp%2Fv2%2Fcomments&post=50227"}],"version-history":[{"count":0,"href":"https:\/\/masquenoticiastucuman.com.ar\/index.php?rest_route=\/wp\/v2\/posts\/50227\/revisions"}],"wp:featuredmedia":[{"embeddable":true,"href":"https:\/\/masquenoticiastucuman.com.ar\/index.php?rest_route=\/wp\/v2\/media\/50228"}],"wp:attachment":[{"href":"https:\/\/masquenoticiastucuman.com.ar\/index.php?rest_route=%2Fwp%2Fv2%2Fmedia&parent=50227"}],"wp:term":[{"taxonomy":"category","embeddable":true,"href":"https:\/\/masquenoticiastucuman.com.ar\/index.php?rest_route=%2Fwp%2Fv2%2Fcategories&post=50227"},{"taxonomy":"post_tag","embeddable":true,"href":"https:\/\/masquenoticiastucuman.com.ar\/index.php?rest_route=%2Fwp%2Fv2%2Ftags&post=50227"}],"curies":[{"name":"wp","href":"https:\/\/api.w.org\/{rel}","templated":true}]}}