{"id":50229,"date":"2025-11-20T18:25:01","date_gmt":"2025-11-20T21:25:01","guid":{"rendered":"http:\/\/masquenoticiastucuman.com.ar\/?p=50229"},"modified":"2025-11-20T18:25:01","modified_gmt":"2025-11-20T21:25:01","slug":"el-banco-central-acelera-la-normalizacion-de-los-pesos-despues-del-apreton-monetario","status":"publish","type":"post","link":"https:\/\/masquenoticiastucuman.com.ar\/?p=50229","title":{"rendered":"El Banco Central acelera la normalizaci\u00f3n de los pesos despu\u00e9s del apret\u00f3n monetario"},"content":{"rendered":"<ul>\n<li>Luego de los reclamos de los bancos, el Central tom\u00f3 medidas para empezar a normalizar los encajes bancarios.<\/li>\n<li>Los cambios rigen desde el 1 de diciembre.<\/li>\n<\/ul>\n<p>\u200bLuego de los reclamos de los bancos, el Central tom\u00f3 medidas para empezar a normalizar los encajes bancarios.Los cambios rigen desde el 1 de diciembre.\u00a0<a href=\"https:\/\/www.clarin.com\/economia\/banco-central-acelera-normalizacion-pesos-despues-apreton-monetario_0_dVjhP1FRyl.html\" target=\"_blank\" class=\"feedzy-rss-link-icon\">Read More<\/a><\/p>","protected":false},"excerpt":{"rendered":"<p>Luego de los reclamos de los bancos, el Central tom\u00f3 medidas para empezar a normalizar&#8230;<\/p>\n","protected":false},"author":1,"featured_media":0,"comment_status":"open","ping_status":"open","sticky":false,"template":"","format":"standard","meta":{"footnotes":""},"categories":[3],"tags":[],"class_list":["post-50229","post","type-post","status-publish","format-standard","has-post-thumbnail","hentry","category-nacionales"],"_links":{"self":[{"href":"https:\/\/masquenoticiastucuman.com.ar\/index.php?rest_route=\/wp\/v2\/posts\/50229","targetHints":{"allow":["GET"]}}],"collection":[{"href":"https:\/\/masquenoticiastucuman.com.ar\/index.php?rest_route=\/wp\/v2\/posts"}],"about":[{"href":"https:\/\/masquenoticiastucuman.com.ar\/index.php?rest_route=\/wp\/v2\/types\/post"}],"author":[{"embeddable":true,"href":"https:\/\/masquenoticiastucuman.com.ar\/index.php?rest_route=\/wp\/v2\/users\/1"}],"replies":[{"embeddable":true,"href":"https:\/\/masquenoticiastucuman.com.ar\/index.php?rest_route=%2Fwp%2Fv2%2Fcomments&post=50229"}],"version-history":[{"count":0,"href":"https:\/\/masquenoticiastucuman.com.ar\/index.php?rest_route=\/wp\/v2\/posts\/50229\/revisions"}],"wp:attachment":[{"href":"https:\/\/masquenoticiastucuman.com.ar\/index.php?rest_route=%2Fwp%2Fv2%2Fmedia&parent=50229"}],"wp:term":[{"taxonomy":"category","embeddable":true,"href":"https:\/\/masquenoticiastucuman.com.ar\/index.php?rest_route=%2Fwp%2Fv2%2Fcategories&post=50229"},{"taxonomy":"post_tag","embeddable":true,"href":"https:\/\/masquenoticiastucuman.com.ar\/index.php?rest_route=%2Fwp%2Fv2%2Ftags&post=50229"}],"curies":[{"name":"wp","href":"https:\/\/api.w.org\/{rel}","templated":true}]}}