{"id":50230,"date":"2025-11-20T18:11:59","date_gmt":"2025-11-20T21:11:59","guid":{"rendered":"http:\/\/masquenoticiastucuman.com.ar\/?p=50230"},"modified":"2025-11-20T18:11:59","modified_gmt":"2025-11-20T21:11:59","slug":"juicio-millonario-en-mendoza-un-empresario-espanol-gano-us-16-millones-tras-un-negocio-fallido-de-mosto-y-bodegas","status":"publish","type":"post","link":"https:\/\/masquenoticiastucuman.com.ar\/?p=50230","title":{"rendered":"Juicio millonario en Mendoza: un empresario espa\u00f1ol gan\u00f3 US$ 16 millones tras un negocio fallido de mosto y bodegas"},"content":{"rendered":"<ul>\n<li>En un fallo que sacude al sector vitivin\u00edcola, la justicia provincial conden\u00f3 a las compa\u00f1\u00edas EcoGreen y Jugos Australes, y a su titular Marcelo Bocardo.. <\/li>\n<li>El beneficiario es Juan Jos\u00e9 Retamero, de Aisa Group.<\/li>\n<li>Es por supuesto incumplimiento en entregas de mosto y vinos a granel.  <\/li>\n<\/ul>\n<p>\u200bEn un fallo que sacude al sector vitivin\u00edcola, la justicia provincial conden\u00f3 a las compa\u00f1\u00edas EcoGreen y Jugos Australes, y a su titular Marcelo Bocardo.. El beneficiario es Juan Jos\u00e9 Retamero, de Aisa Group.Es por supuesto incumplimiento en entregas de mosto y vinos a granel.\u00a0<a href=\"https:\/\/www.clarin.com\/economia\/juicio-millonario-mendoza-empresario-espanol-gano-us-16-millones-negocio-fallido-mosto-bodegas_0_oqAn9liUOX.html\" target=\"_blank\" class=\"feedzy-rss-link-icon\">Read More<\/a><\/p>","protected":false},"excerpt":{"rendered":"<p>En un fallo que sacude al sector vitivin\u00edcola, la justicia provincial conden\u00f3 a las compa\u00f1\u00edas&#8230;<\/p>\n","protected":false},"author":1,"featured_media":0,"comment_status":"open","ping_status":"open","sticky":false,"template":"","format":"standard","meta":{"footnotes":""},"categories":[3],"tags":[],"class_list":["post-50230","post","type-post","status-publish","format-standard","has-post-thumbnail","hentry","category-nacionales"],"_links":{"self":[{"href":"https:\/\/masquenoticiastucuman.com.ar\/index.php?rest_route=\/wp\/v2\/posts\/50230","targetHints":{"allow":["GET"]}}],"collection":[{"href":"https:\/\/masquenoticiastucuman.com.ar\/index.php?rest_route=\/wp\/v2\/posts"}],"about":[{"href":"https:\/\/masquenoticiastucuman.com.ar\/index.php?rest_route=\/wp\/v2\/types\/post"}],"author":[{"embeddable":true,"href":"https:\/\/masquenoticiastucuman.com.ar\/index.php?rest_route=\/wp\/v2\/users\/1"}],"replies":[{"embeddable":true,"href":"https:\/\/masquenoticiastucuman.com.ar\/index.php?rest_route=%2Fwp%2Fv2%2Fcomments&post=50230"}],"version-history":[{"count":0,"href":"https:\/\/masquenoticiastucuman.com.ar\/index.php?rest_route=\/wp\/v2\/posts\/50230\/revisions"}],"wp:attachment":[{"href":"https:\/\/masquenoticiastucuman.com.ar\/index.php?rest_route=%2Fwp%2Fv2%2Fmedia&parent=50230"}],"wp:term":[{"taxonomy":"category","embeddable":true,"href":"https:\/\/masquenoticiastucuman.com.ar\/index.php?rest_route=%2Fwp%2Fv2%2Fcategories&post=50230"},{"taxonomy":"post_tag","embeddable":true,"href":"https:\/\/masquenoticiastucuman.com.ar\/index.php?rest_route=%2Fwp%2Fv2%2Ftags&post=50230"}],"curies":[{"name":"wp","href":"https:\/\/api.w.org\/{rel}","templated":true}]}}