{"id":50231,"date":"2025-11-20T18:58:39","date_gmt":"2025-11-20T21:58:39","guid":{"rendered":"http:\/\/masquenoticiastucuman.com.ar\/?p=50231"},"modified":"2025-11-20T18:58:39","modified_gmt":"2025-11-20T21:58:39","slug":"boca-ubeda-ensayo-con-el-once-que-vencio-a-river-para-dar-el-primer-paso-en-los-playoffs-ante-talleres-mientras-se-empieza-a-hablar-de-su-continuidad","status":"publish","type":"post","link":"https:\/\/masquenoticiastucuman.com.ar\/?p=50231","title":{"rendered":"Boca: \u00dabeda ensay\u00f3 con el once que venci\u00f3 a River para dar el primer paso en los playoffs ante Talleres mientras se empieza a hablar de su continuidad"},"content":{"rendered":"<ul>\n<li>Tras las victoria sobre Tigre, el DT volver\u00e1 a apostar por el equipo que se impuso en el Supercl\u00e1sico.<\/li>\n<li>Di Lollo y Milton Gim\u00e9nez ser\u00edan titulares en lugar de Figal y Ander Herrera.<\/li>\n<li>Riquelme quiere que el entrenador siga en el cargo, aunque el Sif\u00f3n deber\u00e1 hacer un buen papel en los mata-mata.<\/li>\n<\/ul>\n<p>\u200bTras las victoria sobre Tigre, el DT volver\u00e1 a apostar por el equipo que se impuso en el Supercl\u00e1sico.Di Lollo y Milton Gim\u00e9nez ser\u00edan titulares en lugar de Figal y Ander Herrera.Riquelme quiere que el entrenador siga en el cargo, aunque el Sif\u00f3n deber\u00e1 hacer un buen papel en los mata-mata.\u00a0<a href=\"https:\/\/www.clarin.com\/deportes\/boca-ubeda-ensayo-once-vencio-river-dar-primer-paso-playoffs-talleres-empieza-hablar-continuidad_0_gD4wW2WO4R.html\" target=\"_blank\" class=\"feedzy-rss-link-icon\">Read More<\/a><\/p>","protected":false},"excerpt":{"rendered":"<p>Tras las victoria sobre Tigre, el DT volver\u00e1 a apostar por el equipo que se&#8230;<\/p>\n","protected":false},"author":1,"featured_media":0,"comment_status":"open","ping_status":"open","sticky":false,"template":"","format":"standard","meta":{"footnotes":""},"categories":[6],"tags":[],"class_list":["post-50231","post","type-post","status-publish","format-standard","has-post-thumbnail","hentry","category-deportes"],"_links":{"self":[{"href":"https:\/\/masquenoticiastucuman.com.ar\/index.php?rest_route=\/wp\/v2\/posts\/50231","targetHints":{"allow":["GET"]}}],"collection":[{"href":"https:\/\/masquenoticiastucuman.com.ar\/index.php?rest_route=\/wp\/v2\/posts"}],"about":[{"href":"https:\/\/masquenoticiastucuman.com.ar\/index.php?rest_route=\/wp\/v2\/types\/post"}],"author":[{"embeddable":true,"href":"https:\/\/masquenoticiastucuman.com.ar\/index.php?rest_route=\/wp\/v2\/users\/1"}],"replies":[{"embeddable":true,"href":"https:\/\/masquenoticiastucuman.com.ar\/index.php?rest_route=%2Fwp%2Fv2%2Fcomments&post=50231"}],"version-history":[{"count":0,"href":"https:\/\/masquenoticiastucuman.com.ar\/index.php?rest_route=\/wp\/v2\/posts\/50231\/revisions"}],"wp:attachment":[{"href":"https:\/\/masquenoticiastucuman.com.ar\/index.php?rest_route=%2Fwp%2Fv2%2Fmedia&parent=50231"}],"wp:term":[{"taxonomy":"category","embeddable":true,"href":"https:\/\/masquenoticiastucuman.com.ar\/index.php?rest_route=%2Fwp%2Fv2%2Fcategories&post=50231"},{"taxonomy":"post_tag","embeddable":true,"href":"https:\/\/masquenoticiastucuman.com.ar\/index.php?rest_route=%2Fwp%2Fv2%2Ftags&post=50231"}],"curies":[{"name":"wp","href":"https:\/\/api.w.org\/{rel}","templated":true}]}}