{"id":50232,"date":"2025-11-20T18:19:59","date_gmt":"2025-11-20T21:19:59","guid":{"rendered":"http:\/\/masquenoticiastucuman.com.ar\/?p=50232"},"modified":"2025-11-20T18:19:59","modified_gmt":"2025-11-20T21:19:59","slug":"estudiantes-de-la-plata-desconocio-el-titulo-que-la-afa-le-dio-a-rosario-central-no-se-realizo-ninguna-votacion-en-la-liga-profesional","status":"publish","type":"post","link":"https:\/\/masquenoticiastucuman.com.ar\/?p=50232","title":{"rendered":"Estudiantes de La Plata desconoci\u00f3 el t\u00edtulo que la AFA le dio a Rosario Central: &#8220;No se realiz\u00f3 ninguna votaci\u00f3n en la Liga Profesional&#8221;"},"content":{"rendered":"<ul>\n<li>El club presidido por Juan Sebasti\u00e1n Ver\u00f3n emiti\u00f3 un comunicado a trav\u00e9s de las redes sociales.<\/li>\n<li>Fue despu\u00e9s que el Canalla fue proclamado ganador de la Liga 2025 por ser el mejor de la tabla anual.<\/li>\n<li>La respuesta del tesorero de la AFA, Pablo Toviggino.<\/li>\n<\/ul>\n<p>\u200bEl club presidido por Juan Sebasti\u00e1n Ver\u00f3n emiti\u00f3 un comunicado a trav\u00e9s de las redes sociales.Fue despu\u00e9s que el Canalla fue proclamado ganador de la Liga 2025 por ser el mejor de la tabla anual.La respuesta del tesorero de la AFA, Pablo Toviggino.\u00a0<a href=\"https:\/\/www.clarin.com\/deportes\/estudiantes-plata-desconocio-titulo-afa-dio-rosario-central-realizo-votacion-liga-profesional_0_TmWVBsCJce.html\" target=\"_blank\" class=\"feedzy-rss-link-icon\">Read More<\/a><\/p>","protected":false},"excerpt":{"rendered":"<p>El club presidido por Juan Sebasti\u00e1n Ver\u00f3n emiti\u00f3 un comunicado a trav\u00e9s de las redes&#8230;<\/p>\n","protected":false},"author":1,"featured_media":0,"comment_status":"open","ping_status":"open","sticky":false,"template":"","format":"standard","meta":{"footnotes":""},"categories":[6],"tags":[],"class_list":["post-50232","post","type-post","status-publish","format-standard","has-post-thumbnail","hentry","category-deportes"],"_links":{"self":[{"href":"https:\/\/masquenoticiastucuman.com.ar\/index.php?rest_route=\/wp\/v2\/posts\/50232","targetHints":{"allow":["GET"]}}],"collection":[{"href":"https:\/\/masquenoticiastucuman.com.ar\/index.php?rest_route=\/wp\/v2\/posts"}],"about":[{"href":"https:\/\/masquenoticiastucuman.com.ar\/index.php?rest_route=\/wp\/v2\/types\/post"}],"author":[{"embeddable":true,"href":"https:\/\/masquenoticiastucuman.com.ar\/index.php?rest_route=\/wp\/v2\/users\/1"}],"replies":[{"embeddable":true,"href":"https:\/\/masquenoticiastucuman.com.ar\/index.php?rest_route=%2Fwp%2Fv2%2Fcomments&post=50232"}],"version-history":[{"count":0,"href":"https:\/\/masquenoticiastucuman.com.ar\/index.php?rest_route=\/wp\/v2\/posts\/50232\/revisions"}],"wp:attachment":[{"href":"https:\/\/masquenoticiastucuman.com.ar\/index.php?rest_route=%2Fwp%2Fv2%2Fmedia&parent=50232"}],"wp:term":[{"taxonomy":"category","embeddable":true,"href":"https:\/\/masquenoticiastucuman.com.ar\/index.php?rest_route=%2Fwp%2Fv2%2Fcategories&post=50232"},{"taxonomy":"post_tag","embeddable":true,"href":"https:\/\/masquenoticiastucuman.com.ar\/index.php?rest_route=%2Fwp%2Fv2%2Ftags&post=50232"}],"curies":[{"name":"wp","href":"https:\/\/api.w.org\/{rel}","templated":true}]}}