{"id":50241,"date":"2025-11-20T19:12:27","date_gmt":"2025-11-20T22:12:27","guid":{"rendered":"http:\/\/masquenoticiastucuman.com.ar\/?p=50241"},"modified":"2025-11-20T19:12:27","modified_gmt":"2025-11-20T22:12:27","slug":"la-afa-y-otra-polemica-rosario-central-es-campeon-por-ser-el-mejor-de-la-tabla-anual-y-le-cumplio-el-sueno-a-di-maria","status":"publish","type":"post","link":"https:\/\/masquenoticiastucuman.com.ar\/?p=50241","title":{"rendered":"La AFA y otra pol\u00e9mica: Rosario Central es campe\u00f3n por ser el mejor de la tabla anual y le cumpli\u00f3 el sue\u00f1o a Di Mar\u00eda"},"content":{"rendered":"<ul>\n<li>La reuni\u00f3n del Comit\u00e9 Ejecutivo de la Liga Profesional proclam\u00f3 al Canalla, generando pol\u00e9mica incluso entre los clubes.<\/li>\n<li>No es justo, ninguno de los 30 equipos que particip\u00f3 en la actual temporada de Primera Divisi\u00f3n sab\u00eda que pod\u00eda aspirar a ese t\u00edtulo.<\/li>\n<\/ul>\n<p>\u200bLa reuni\u00f3n del Comit\u00e9 Ejecutivo de la Liga Profesional proclam\u00f3 al Canalla, generando pol\u00e9mica incluso entre los clubes.No es justo, ninguno de los 30 equipos que particip\u00f3 en la actual temporada de Primera Divisi\u00f3n sab\u00eda que pod\u00eda aspirar a ese t\u00edtulo.\u00a0<a href=\"https:\/\/www.clarin.com\/deportes\/afa-polemica-rosario-central-campeon-mejor-tabla-anual-cumplio-sueno-di-maria_0_Z28av5XdyM.html\" target=\"_blank\" class=\"feedzy-rss-link-icon\">Read More<\/a><\/p>","protected":false},"excerpt":{"rendered":"<p>La reuni\u00f3n del Comit\u00e9 Ejecutivo de la Liga Profesional proclam\u00f3 al Canalla, generando pol\u00e9mica incluso&#8230;<\/p>\n","protected":false},"author":1,"featured_media":0,"comment_status":"open","ping_status":"open","sticky":false,"template":"","format":"standard","meta":{"footnotes":""},"categories":[6],"tags":[],"class_list":["post-50241","post","type-post","status-publish","format-standard","has-post-thumbnail","hentry","category-deportes"],"_links":{"self":[{"href":"https:\/\/masquenoticiastucuman.com.ar\/index.php?rest_route=\/wp\/v2\/posts\/50241","targetHints":{"allow":["GET"]}}],"collection":[{"href":"https:\/\/masquenoticiastucuman.com.ar\/index.php?rest_route=\/wp\/v2\/posts"}],"about":[{"href":"https:\/\/masquenoticiastucuman.com.ar\/index.php?rest_route=\/wp\/v2\/types\/post"}],"author":[{"embeddable":true,"href":"https:\/\/masquenoticiastucuman.com.ar\/index.php?rest_route=\/wp\/v2\/users\/1"}],"replies":[{"embeddable":true,"href":"https:\/\/masquenoticiastucuman.com.ar\/index.php?rest_route=%2Fwp%2Fv2%2Fcomments&post=50241"}],"version-history":[{"count":0,"href":"https:\/\/masquenoticiastucuman.com.ar\/index.php?rest_route=\/wp\/v2\/posts\/50241\/revisions"}],"wp:attachment":[{"href":"https:\/\/masquenoticiastucuman.com.ar\/index.php?rest_route=%2Fwp%2Fv2%2Fmedia&parent=50241"}],"wp:term":[{"taxonomy":"category","embeddable":true,"href":"https:\/\/masquenoticiastucuman.com.ar\/index.php?rest_route=%2Fwp%2Fv2%2Fcategories&post=50241"},{"taxonomy":"post_tag","embeddable":true,"href":"https:\/\/masquenoticiastucuman.com.ar\/index.php?rest_route=%2Fwp%2Fv2%2Ftags&post=50241"}],"curies":[{"name":"wp","href":"https:\/\/api.w.org\/{rel}","templated":true}]}}