{"id":50242,"date":"2025-11-20T19:41:32","date_gmt":"2025-11-20T22:41:32","guid":{"rendered":"http:\/\/masquenoticiastucuman.com.ar\/?p=50242"},"modified":"2025-11-20T19:41:32","modified_gmt":"2025-11-20T22:41:32","slug":"aumenta-la-importacion-y-los-productos-de-shein-y-temu-crecen-237-en-el-ano","status":"publish","type":"post","link":"https:\/\/masquenoticiastucuman.com.ar\/?p=50242","title":{"rendered":"Aumenta la importaci\u00f3n y los productos de Shein y Temu crecen 237% en el a\u00f1o"},"content":{"rendered":"<ul>\n<li>En octubre se import\u00f3 US$ 1.200 millones de bienes de consumo, una suba de casi el 50% que bati\u00f3 un r\u00e9cord hist\u00f3rico.<\/li>\n<li>En el caso de las plataformas chinas englobadas en el rubro &#8220;otros&#8221; el ingreso creci\u00f3 237%.<\/li>\n<li>El Gobierno celebra una mejora del consumo, pero economistas e industriales temen una sustituci\u00f3n de la producci\u00f3n nacional. <\/li>\n<\/ul>\n<p>\u200bEn octubre se import\u00f3 US$ 1.200 millones de bienes de consumo, una suba de casi el 50% que bati\u00f3 un r\u00e9cord hist\u00f3rico.En el caso de las plataformas chinas englobadas en el rubro &#8220;otros&#8221; el ingreso creci\u00f3 237%.El Gobierno celebra una mejora del consumo, pero economistas e industriales temen una sustituci\u00f3n de la producci\u00f3n nacional.\u00a0<a href=\"https:\/\/www.clarin.com\/economia\/aumenta-importacion-productos-shein-temu-crecen-237-ano_0_rSGeocpKIa.html\" target=\"_blank\" class=\"feedzy-rss-link-icon\">Read More<\/a><\/p>","protected":false},"excerpt":{"rendered":"<p>En octubre se import\u00f3 US$ 1.200 millones de bienes de consumo, una suba de casi&#8230;<\/p>\n","protected":false},"author":1,"featured_media":0,"comment_status":"open","ping_status":"open","sticky":false,"template":"","format":"standard","meta":{"footnotes":""},"categories":[3],"tags":[],"class_list":["post-50242","post","type-post","status-publish","format-standard","has-post-thumbnail","hentry","category-nacionales"],"_links":{"self":[{"href":"https:\/\/masquenoticiastucuman.com.ar\/index.php?rest_route=\/wp\/v2\/posts\/50242","targetHints":{"allow":["GET"]}}],"collection":[{"href":"https:\/\/masquenoticiastucuman.com.ar\/index.php?rest_route=\/wp\/v2\/posts"}],"about":[{"href":"https:\/\/masquenoticiastucuman.com.ar\/index.php?rest_route=\/wp\/v2\/types\/post"}],"author":[{"embeddable":true,"href":"https:\/\/masquenoticiastucuman.com.ar\/index.php?rest_route=\/wp\/v2\/users\/1"}],"replies":[{"embeddable":true,"href":"https:\/\/masquenoticiastucuman.com.ar\/index.php?rest_route=%2Fwp%2Fv2%2Fcomments&post=50242"}],"version-history":[{"count":0,"href":"https:\/\/masquenoticiastucuman.com.ar\/index.php?rest_route=\/wp\/v2\/posts\/50242\/revisions"}],"wp:attachment":[{"href":"https:\/\/masquenoticiastucuman.com.ar\/index.php?rest_route=%2Fwp%2Fv2%2Fmedia&parent=50242"}],"wp:term":[{"taxonomy":"category","embeddable":true,"href":"https:\/\/masquenoticiastucuman.com.ar\/index.php?rest_route=%2Fwp%2Fv2%2Fcategories&post=50242"},{"taxonomy":"post_tag","embeddable":true,"href":"https:\/\/masquenoticiastucuman.com.ar\/index.php?rest_route=%2Fwp%2Fv2%2Ftags&post=50242"}],"curies":[{"name":"wp","href":"https:\/\/api.w.org\/{rel}","templated":true}]}}