{"id":50243,"date":"2025-11-20T19:35:57","date_gmt":"2025-11-20T22:35:57","guid":{"rendered":"http:\/\/masquenoticiastucuman.com.ar\/?p=50243"},"modified":"2025-11-20T19:35:57","modified_gmt":"2025-11-20T22:35:57","slug":"habra-un-ajuste-trimestral-para-jubilados-docentes-nacionales-de-cuanto-sera-y-quienes-seran-los-beneficiados","status":"publish","type":"post","link":"https:\/\/masquenoticiastucuman.com.ar\/?p=50243","title":{"rendered":"Habr\u00e1 un ajuste trimestral para jubilados docentes nacionales: de cu\u00e1nto ser\u00e1 y qui\u00e9nes ser\u00e1n los beneficiados"},"content":{"rendered":"<ul>\n<li>El incremento para quienes trabajaron como docentes no universitarios ser\u00e1 del 7,5%<\/li>\n<li>Tambi\u00e9n habr\u00e1 una mejora para quienes se desempe\u00f1aron en universidades<\/li>\n<\/ul>\n<p>\u200bEl incremento para quienes trabajaron como docentes no universitarios ser\u00e1 del 7,5%Tambi\u00e9n habr\u00e1 una mejora para quienes se desempe\u00f1aron en universidades\u00a0<a href=\"https:\/\/www.clarin.com\/economia\/ajuste-trimestral-jubilados-docentes-nacionales-beneficiados_0_lvZQh6Lly6.html\" target=\"_blank\" class=\"feedzy-rss-link-icon\">Read More<\/a><\/p>","protected":false},"excerpt":{"rendered":"<p>El incremento para quienes trabajaron como docentes no universitarios ser\u00e1 del 7,5% Tambi\u00e9n habr\u00e1 una&#8230;<\/p>\n","protected":false},"author":1,"featured_media":0,"comment_status":"open","ping_status":"open","sticky":false,"template":"","format":"standard","meta":{"footnotes":""},"categories":[3],"tags":[],"class_list":["post-50243","post","type-post","status-publish","format-standard","has-post-thumbnail","hentry","category-nacionales"],"_links":{"self":[{"href":"https:\/\/masquenoticiastucuman.com.ar\/index.php?rest_route=\/wp\/v2\/posts\/50243","targetHints":{"allow":["GET"]}}],"collection":[{"href":"https:\/\/masquenoticiastucuman.com.ar\/index.php?rest_route=\/wp\/v2\/posts"}],"about":[{"href":"https:\/\/masquenoticiastucuman.com.ar\/index.php?rest_route=\/wp\/v2\/types\/post"}],"author":[{"embeddable":true,"href":"https:\/\/masquenoticiastucuman.com.ar\/index.php?rest_route=\/wp\/v2\/users\/1"}],"replies":[{"embeddable":true,"href":"https:\/\/masquenoticiastucuman.com.ar\/index.php?rest_route=%2Fwp%2Fv2%2Fcomments&post=50243"}],"version-history":[{"count":0,"href":"https:\/\/masquenoticiastucuman.com.ar\/index.php?rest_route=\/wp\/v2\/posts\/50243\/revisions"}],"wp:attachment":[{"href":"https:\/\/masquenoticiastucuman.com.ar\/index.php?rest_route=%2Fwp%2Fv2%2Fmedia&parent=50243"}],"wp:term":[{"taxonomy":"category","embeddable":true,"href":"https:\/\/masquenoticiastucuman.com.ar\/index.php?rest_route=%2Fwp%2Fv2%2Fcategories&post=50243"},{"taxonomy":"post_tag","embeddable":true,"href":"https:\/\/masquenoticiastucuman.com.ar\/index.php?rest_route=%2Fwp%2Fv2%2Ftags&post=50243"}],"curies":[{"name":"wp","href":"https:\/\/api.w.org\/{rel}","templated":true}]}}