{"id":50244,"date":"2025-11-20T20:43:51","date_gmt":"2025-11-20T23:43:51","guid":{"rendered":"http:\/\/masquenoticiastucuman.com.ar\/?p=50244"},"modified":"2025-11-20T20:43:51","modified_gmt":"2025-11-20T23:43:51","slug":"marcelo-bielsa-se-mostro-firme-para-llegar-al-mundial-con-uruguay-pero-hizo-una-fuerte-autocritica-todavia-no-logre-aceptacion-plena-de-este-grupo","status":"publish","type":"post","link":"https:\/\/masquenoticiastucuman.com.ar\/?p=50244","title":{"rendered":"Marcelo Bielsa se mostr\u00f3 firme para llegar al Mundial con Uruguay, pero hizo una fuerte autocr\u00edtica: &#8220;Todav\u00eda no logr\u00e9 aceptaci\u00f3n plena de este grupo&#8221;"},"content":{"rendered":"<ul>\n<li>El entrenador rosarino de la selecci\u00f3n uruguaya dio la cara tras la derrota 5-1 frente a Estados Unidos.<\/li>\n<li>&#8220;Tengo la misma fuerza desde el primer d\u00eda para seguir con la Selecci\u00f3n hasta el Mundial&#8221;, afirm\u00f3.<\/li>\n<li>Sin embargo, reconoci\u00f3 que recibe reclamos de parte de los jugadores.<\/li>\n<\/ul>\n<p>\u200bEl entrenador rosarino de la selecci\u00f3n uruguaya dio la cara tras la derrota 5-1 frente a Estados Unidos.&#8221;Tengo la misma fuerza desde el primer d\u00eda para seguir con la Selecci\u00f3n hasta el Mundial&#8221;, afirm\u00f3.Sin embargo, reconoci\u00f3 que recibe reclamos de parte de los jugadores.\u00a0<a href=\"https:\/\/www.clarin.com\/deportes\/marcelo-bielsa-mostro-firme-llegar-mundial-uruguay-hizo-fuerte-autocritica-todavia-logre-aceptacion-plena-grupo_0_2UhXOnzwVD.html\" target=\"_blank\" class=\"feedzy-rss-link-icon\">Read More<\/a><\/p>","protected":false},"excerpt":{"rendered":"<p>El entrenador rosarino de la selecci\u00f3n uruguaya dio la cara tras la derrota 5-1 frente&#8230;<\/p>\n","protected":false},"author":1,"featured_media":0,"comment_status":"open","ping_status":"open","sticky":false,"template":"","format":"standard","meta":{"footnotes":""},"categories":[6],"tags":[],"class_list":["post-50244","post","type-post","status-publish","format-standard","has-post-thumbnail","hentry","category-deportes"],"_links":{"self":[{"href":"https:\/\/masquenoticiastucuman.com.ar\/index.php?rest_route=\/wp\/v2\/posts\/50244","targetHints":{"allow":["GET"]}}],"collection":[{"href":"https:\/\/masquenoticiastucuman.com.ar\/index.php?rest_route=\/wp\/v2\/posts"}],"about":[{"href":"https:\/\/masquenoticiastucuman.com.ar\/index.php?rest_route=\/wp\/v2\/types\/post"}],"author":[{"embeddable":true,"href":"https:\/\/masquenoticiastucuman.com.ar\/index.php?rest_route=\/wp\/v2\/users\/1"}],"replies":[{"embeddable":true,"href":"https:\/\/masquenoticiastucuman.com.ar\/index.php?rest_route=%2Fwp%2Fv2%2Fcomments&post=50244"}],"version-history":[{"count":0,"href":"https:\/\/masquenoticiastucuman.com.ar\/index.php?rest_route=\/wp\/v2\/posts\/50244\/revisions"}],"wp:attachment":[{"href":"https:\/\/masquenoticiastucuman.com.ar\/index.php?rest_route=%2Fwp%2Fv2%2Fmedia&parent=50244"}],"wp:term":[{"taxonomy":"category","embeddable":true,"href":"https:\/\/masquenoticiastucuman.com.ar\/index.php?rest_route=%2Fwp%2Fv2%2Fcategories&post=50244"},{"taxonomy":"post_tag","embeddable":true,"href":"https:\/\/masquenoticiastucuman.com.ar\/index.php?rest_route=%2Fwp%2Fv2%2Ftags&post=50244"}],"curies":[{"name":"wp","href":"https:\/\/api.w.org\/{rel}","templated":true}]}}