{"id":50247,"date":"2025-11-21T03:00:42","date_gmt":"2025-11-21T06:00:42","guid":{"rendered":"http:\/\/masquenoticiastucuman.com.ar\/?p=50247"},"modified":"2025-11-21T03:00:42","modified_gmt":"2025-11-21T06:00:42","slug":"franco-colapinto-fue-de-menor-a-mayor-en-el-primer-dia-de-la-formula-1-en-las-vegas-aunque-alerto-volvimos-a-la-primera-parte-de-la-temporada-que-me-costaba-mas","status":"publish","type":"post","link":"https:\/\/masquenoticiastucuman.com.ar\/?p=50247","title":{"rendered":"Franco Colapinto fue de menor a mayor en el primer d\u00eda de la F\u00f3rmula 1 en Las Vegas, aunque alert\u00f3: &#8220;Volvimos a la primera parte de la temporada que me costaba m\u00e1s&#8221;"},"content":{"rendered":"<ul>\n<li>El argentino pas\u00f3 del puesto 20 al 16 en las primeras pr\u00e1cticas libres, en las que su compa\u00f1ero Gasly fue12\u00b0.<\/li>\n<li>El Alpine sigue con el chasis que tuvieron que ponerle en Brasil tras el choque. &#8220;Me siento diferente a las \u00faltimas carreras y puede ser por eso&#8221;, explic\u00f3.<\/li>\n<\/ul>\n<p>\u200bEl argentino pas\u00f3 del puesto 20 al 16 en las primeras pr\u00e1cticas libres, en las que su compa\u00f1ero Gasly fue12\u00b0.El Alpine sigue con el chasis que tuvieron que ponerle en Brasil tras el choque. &#8220;Me siento diferente a las \u00faltimas carreras y puede ser por eso&#8221;, explic\u00f3.\u00a0<a href=\"https:\/\/www.clarin.com\/deportes\/franco-colapinto-menor-mayor-primer-dia-formula-1-vegas-alerto-volvimos-primera-parte-temporada-costaba_0_njyck3eF6S.html\" target=\"_blank\" class=\"feedzy-rss-link-icon\">Read More<\/a><\/p>","protected":false},"excerpt":{"rendered":"<p>El argentino pas\u00f3 del puesto 20 al 16 en las primeras pr\u00e1cticas libres, en las&#8230;<\/p>\n","protected":false},"author":1,"featured_media":0,"comment_status":"open","ping_status":"open","sticky":false,"template":"","format":"standard","meta":{"footnotes":""},"categories":[6],"tags":[],"class_list":["post-50247","post","type-post","status-publish","format-standard","has-post-thumbnail","hentry","category-deportes"],"_links":{"self":[{"href":"https:\/\/masquenoticiastucuman.com.ar\/index.php?rest_route=\/wp\/v2\/posts\/50247","targetHints":{"allow":["GET"]}}],"collection":[{"href":"https:\/\/masquenoticiastucuman.com.ar\/index.php?rest_route=\/wp\/v2\/posts"}],"about":[{"href":"https:\/\/masquenoticiastucuman.com.ar\/index.php?rest_route=\/wp\/v2\/types\/post"}],"author":[{"embeddable":true,"href":"https:\/\/masquenoticiastucuman.com.ar\/index.php?rest_route=\/wp\/v2\/users\/1"}],"replies":[{"embeddable":true,"href":"https:\/\/masquenoticiastucuman.com.ar\/index.php?rest_route=%2Fwp%2Fv2%2Fcomments&post=50247"}],"version-history":[{"count":0,"href":"https:\/\/masquenoticiastucuman.com.ar\/index.php?rest_route=\/wp\/v2\/posts\/50247\/revisions"}],"wp:attachment":[{"href":"https:\/\/masquenoticiastucuman.com.ar\/index.php?rest_route=%2Fwp%2Fv2%2Fmedia&parent=50247"}],"wp:term":[{"taxonomy":"category","embeddable":true,"href":"https:\/\/masquenoticiastucuman.com.ar\/index.php?rest_route=%2Fwp%2Fv2%2Fcategories&post=50247"},{"taxonomy":"post_tag","embeddable":true,"href":"https:\/\/masquenoticiastucuman.com.ar\/index.php?rest_route=%2Fwp%2Fv2%2Ftags&post=50247"}],"curies":[{"name":"wp","href":"https:\/\/api.w.org\/{rel}","templated":true}]}}