{"id":50248,"date":"2025-11-21T06:02:08","date_gmt":"2025-11-21T09:02:08","guid":{"rendered":"http:\/\/masquenoticiastucuman.com.ar\/?p=50248"},"modified":"2025-11-21T06:02:08","modified_gmt":"2025-11-21T09:02:08","slug":"panorama-internacional-horas-bajas-y-cuotas-de-realismo-desafios-trumpistas","status":"publish","type":"post","link":"https:\/\/masquenoticiastucuman.com.ar\/?p=50248","title":{"rendered":"Panorama Internacional: Horas bajas y cuotas de realismo, desaf\u00edos trumpistas"},"content":{"rendered":"<p>Cierta idea de omnipotencia se ha aminorado, aunque no disuelta. Se nota en el pragmatismo que rigi\u00f3 la cumbre de Donald Trump con su colega chino Xi Jinping en Corea del Sur o en su encuentro con su par brasile\u00f1o, Lula da Silva. Una realidad m\u00e1s compleja, con derrotas electorales y problemas con la econom\u00eda dom\u00e9stica, marcan estos pasos. <\/p>\n<p>\u200bCierta idea de omnipotencia se ha aminorado, aunque no disuelta. Se nota en el pragmatismo que rigi\u00f3 la cumbre de Donald Trump con su colega chino Xi Jinping en Corea del Sur o en su encuentro con su par brasile\u00f1o, Lula da Silva. Una realidad m\u00e1s compleja, con derrotas electorales y problemas con la econom\u00eda dom\u00e9stica, marcan estos pasos.\u00a0<a href=\"https:\/\/www.clarin.com\/mundo\/panorama-internacional-horas-bajas-cuotas-realismo-desafios-trumpistas_0_0i6b1ecOm7.html\" target=\"_blank\" class=\"feedzy-rss-link-icon\">Read More<\/a><\/p>","protected":false},"excerpt":{"rendered":"<p>Cierta idea de omnipotencia se ha aminorado, aunque no disuelta. Se nota en el pragmatismo&#8230;<\/p>\n","protected":false},"author":1,"featured_media":50249,"comment_status":"open","ping_status":"open","sticky":false,"template":"","format":"standard","meta":{"footnotes":""},"categories":[4],"tags":[],"class_list":["post-50248","post","type-post","status-publish","format-standard","has-post-thumbnail","hentry","category-internacionales"],"_links":{"self":[{"href":"https:\/\/masquenoticiastucuman.com.ar\/index.php?rest_route=\/wp\/v2\/posts\/50248","targetHints":{"allow":["GET"]}}],"collection":[{"href":"https:\/\/masquenoticiastucuman.com.ar\/index.php?rest_route=\/wp\/v2\/posts"}],"about":[{"href":"https:\/\/masquenoticiastucuman.com.ar\/index.php?rest_route=\/wp\/v2\/types\/post"}],"author":[{"embeddable":true,"href":"https:\/\/masquenoticiastucuman.com.ar\/index.php?rest_route=\/wp\/v2\/users\/1"}],"replies":[{"embeddable":true,"href":"https:\/\/masquenoticiastucuman.com.ar\/index.php?rest_route=%2Fwp%2Fv2%2Fcomments&post=50248"}],"version-history":[{"count":0,"href":"https:\/\/masquenoticiastucuman.com.ar\/index.php?rest_route=\/wp\/v2\/posts\/50248\/revisions"}],"wp:featuredmedia":[{"embeddable":true,"href":"https:\/\/masquenoticiastucuman.com.ar\/index.php?rest_route=\/wp\/v2\/media\/50249"}],"wp:attachment":[{"href":"https:\/\/masquenoticiastucuman.com.ar\/index.php?rest_route=%2Fwp%2Fv2%2Fmedia&parent=50248"}],"wp:term":[{"taxonomy":"category","embeddable":true,"href":"https:\/\/masquenoticiastucuman.com.ar\/index.php?rest_route=%2Fwp%2Fv2%2Fcategories&post=50248"},{"taxonomy":"post_tag","embeddable":true,"href":"https:\/\/masquenoticiastucuman.com.ar\/index.php?rest_route=%2Fwp%2Fv2%2Ftags&post=50248"}],"curies":[{"name":"wp","href":"https:\/\/api.w.org\/{rel}","templated":true}]}}