{"id":50250,"date":"2025-11-21T06:02:11","date_gmt":"2025-11-21T09:02:11","guid":{"rendered":"http:\/\/masquenoticiastucuman.com.ar\/?p=50250"},"modified":"2025-11-21T06:02:11","modified_gmt":"2025-11-21T09:02:11","slug":"fernando-puma-martinez-y-una-chance-inigualable-contra-jesse-bam-rodriguez-quiero-escribir-en-dorado-mi-nombre-en-la-historia-del-boxeo-argentino","status":"publish","type":"post","link":"https:\/\/masquenoticiastucuman.com.ar\/?p=50250","title":{"rendered":"Fernando &#8220;Puma&#8221; Mart\u00ednez y una chance inigualable contra Jesse &#8220;Bam&#8221; Rodr\u00edguez: &#8220;Quiero escribir en dorado mi nombre en la historia del boxeo argentino&#8221;"},"content":{"rendered":"<ul>\n<li>El nacido en La Boca pondr\u00e1 sobre la mesa su cintur\u00f3n supermosca de la Asociaci\u00f3n Mundial de Boxeo (AMB), en Arabia Saudita.<\/li>\n<li>A sus 34 a\u00f1os, puede ser el primer pugil albiceleste reconocido simult\u00e1neamente como campe\u00f3n por tres de los cuatro principales organismos.<\/li>\n<\/ul>\n<p>\u200bEl nacido en La Boca pondr\u00e1 sobre la mesa su cintur\u00f3n supermosca de la Asociaci\u00f3n Mundial de Boxeo (AMB), en Arabia Saudita.A sus 34 a\u00f1os, puede ser el primer pugil albiceleste reconocido simult\u00e1neamente como campe\u00f3n por tres de los cuatro principales organismos.\u00a0<a href=\"https:\/\/www.clarin.com\/deportes\/fernando-puma-martinez-chance-inigualable-jesse-bam-rodriguez-quiero-escribir-dorado-nombre-historia-boxeo-argentino_0_g8Dou64at4.html\" target=\"_blank\" class=\"feedzy-rss-link-icon\">Read More<\/a><\/p>","protected":false},"excerpt":{"rendered":"<p>El nacido en La Boca pondr\u00e1 sobre la mesa su cintur\u00f3n supermosca de la Asociaci\u00f3n&#8230;<\/p>\n","protected":false},"author":1,"featured_media":0,"comment_status":"open","ping_status":"open","sticky":false,"template":"","format":"standard","meta":{"footnotes":""},"categories":[6],"tags":[],"class_list":["post-50250","post","type-post","status-publish","format-standard","has-post-thumbnail","hentry","category-deportes"],"_links":{"self":[{"href":"https:\/\/masquenoticiastucuman.com.ar\/index.php?rest_route=\/wp\/v2\/posts\/50250","targetHints":{"allow":["GET"]}}],"collection":[{"href":"https:\/\/masquenoticiastucuman.com.ar\/index.php?rest_route=\/wp\/v2\/posts"}],"about":[{"href":"https:\/\/masquenoticiastucuman.com.ar\/index.php?rest_route=\/wp\/v2\/types\/post"}],"author":[{"embeddable":true,"href":"https:\/\/masquenoticiastucuman.com.ar\/index.php?rest_route=\/wp\/v2\/users\/1"}],"replies":[{"embeddable":true,"href":"https:\/\/masquenoticiastucuman.com.ar\/index.php?rest_route=%2Fwp%2Fv2%2Fcomments&post=50250"}],"version-history":[{"count":0,"href":"https:\/\/masquenoticiastucuman.com.ar\/index.php?rest_route=\/wp\/v2\/posts\/50250\/revisions"}],"wp:attachment":[{"href":"https:\/\/masquenoticiastucuman.com.ar\/index.php?rest_route=%2Fwp%2Fv2%2Fmedia&parent=50250"}],"wp:term":[{"taxonomy":"category","embeddable":true,"href":"https:\/\/masquenoticiastucuman.com.ar\/index.php?rest_route=%2Fwp%2Fv2%2Fcategories&post=50250"},{"taxonomy":"post_tag","embeddable":true,"href":"https:\/\/masquenoticiastucuman.com.ar\/index.php?rest_route=%2Fwp%2Fv2%2Ftags&post=50250"}],"curies":[{"name":"wp","href":"https:\/\/api.w.org\/{rel}","templated":true}]}}