{"id":50259,"date":"2025-11-21T06:30:01","date_gmt":"2025-11-21T09:30:01","guid":{"rendered":"http:\/\/masquenoticiastucuman.com.ar\/?p=50259"},"modified":"2025-11-21T06:30:01","modified_gmt":"2025-11-21T09:30:01","slug":"independiente-se-resetea-rumbo-al-2026-las-premisas-del-dt-gustavo-quinteros-de-cara-al-rearmado-del-plantel","status":"publish","type":"post","link":"https:\/\/masquenoticiastucuman.com.ar\/?p=50259","title":{"rendered":"Independiente se resetea rumbo al 2026: las premisas del DT Gustavo Quinteros de cara al rearmado del plantel"},"content":{"rendered":"<ul>\n<li>Tendr\u00e1 como objetivo de m\u00ednima pelear por alg\u00fan t\u00edtulo s\u00ed o s\u00ed.<\/li>\n<li>El &#8220;Rojo&#8221; espera una carambola de resultados para clasificar a la Copa Sudamericana.<\/li>\n<\/ul>\n<p>\u200bTendr\u00e1 como objetivo de m\u00ednima pelear por alg\u00fan t\u00edtulo s\u00ed o s\u00ed.El &#8220;Rojo&#8221; espera una carambola de resultados para clasificar a la Copa Sudamericana.\u00a0<a href=\"https:\/\/www.clarin.com\/deportes\/independiente-resetea-rumbo-2026-premisas-dt-gustavo-quinteros-cara-rearmado-plantel_0_g589kXCEYy.html\" target=\"_blank\" class=\"feedzy-rss-link-icon\">Read More<\/a><\/p>","protected":false},"excerpt":{"rendered":"<p>Tendr\u00e1 como objetivo de m\u00ednima pelear por alg\u00fan t\u00edtulo s\u00ed o s\u00ed. El &#8220;Rojo&#8221; espera&#8230;<\/p>\n","protected":false},"author":1,"featured_media":0,"comment_status":"open","ping_status":"open","sticky":false,"template":"","format":"standard","meta":{"footnotes":""},"categories":[6],"tags":[],"class_list":["post-50259","post","type-post","status-publish","format-standard","has-post-thumbnail","hentry","category-deportes"],"_links":{"self":[{"href":"https:\/\/masquenoticiastucuman.com.ar\/index.php?rest_route=\/wp\/v2\/posts\/50259","targetHints":{"allow":["GET"]}}],"collection":[{"href":"https:\/\/masquenoticiastucuman.com.ar\/index.php?rest_route=\/wp\/v2\/posts"}],"about":[{"href":"https:\/\/masquenoticiastucuman.com.ar\/index.php?rest_route=\/wp\/v2\/types\/post"}],"author":[{"embeddable":true,"href":"https:\/\/masquenoticiastucuman.com.ar\/index.php?rest_route=\/wp\/v2\/users\/1"}],"replies":[{"embeddable":true,"href":"https:\/\/masquenoticiastucuman.com.ar\/index.php?rest_route=%2Fwp%2Fv2%2Fcomments&post=50259"}],"version-history":[{"count":0,"href":"https:\/\/masquenoticiastucuman.com.ar\/index.php?rest_route=\/wp\/v2\/posts\/50259\/revisions"}],"wp:attachment":[{"href":"https:\/\/masquenoticiastucuman.com.ar\/index.php?rest_route=%2Fwp%2Fv2%2Fmedia&parent=50259"}],"wp:term":[{"taxonomy":"category","embeddable":true,"href":"https:\/\/masquenoticiastucuman.com.ar\/index.php?rest_route=%2Fwp%2Fv2%2Fcategories&post=50259"},{"taxonomy":"post_tag","embeddable":true,"href":"https:\/\/masquenoticiastucuman.com.ar\/index.php?rest_route=%2Fwp%2Fv2%2Ftags&post=50259"}],"curies":[{"name":"wp","href":"https:\/\/api.w.org\/{rel}","templated":true}]}}