{"id":50301,"date":"2025-11-21T15:56:11","date_gmt":"2025-11-21T18:56:11","guid":{"rendered":"http:\/\/masquenoticiastucuman.com.ar\/?p=50301"},"modified":"2025-11-21T15:56:11","modified_gmt":"2025-11-21T18:56:11","slug":"lanus-va-por-el-sueno-de-ser-campeon-de-la-copa-sudamericana-mas-de-15-mil-hinchas-viajan-a-paraguay-en-60-micros-19-aviones-y-una-caravana-de-autos","status":"publish","type":"post","link":"https:\/\/masquenoticiastucuman.com.ar\/?p=50301","title":{"rendered":"Lan\u00fas va por el sue\u00f1o de ser campe\u00f3n de la Copa Sudamericana: m\u00e1s de 15 mil hinchas viajan a Paraguay en 60 micros, 19 aviones y una caravana de autos"},"content":{"rendered":"<ul>\n<li>Los fan\u00e1ticos no se quieren perder la gran final contra Atl\u00e9tico Mineiro que se jugar\u00e1 el s\u00e1bado desde las 17 en el Defensores del Chaco.<\/li>\n<li>El equipo de Mauricio Pellegrino, con equipo confirmado, ya prepara el partido en Asunci\u00f3n.<\/li>\n<\/ul>\n<p>\u200bLos fan\u00e1ticos no se quieren perder la gran final contra Atl\u00e9tico Mineiro que se jugar\u00e1 el s\u00e1bado desde las 17 en el Defensores del Chaco.El equipo de Mauricio Pellegrino, con equipo confirmado, ya prepara el partido en Asunci\u00f3n.\u00a0<a href=\"https:\/\/www.clarin.com\/deportes\/lanus-va-sueno-campeon-copa-sudamericana-15-mil-hinchas-viajan-paraguay-60-micros-19-aviones-caravana-autos_0_I7SB1M3MKJ.html\" target=\"_blank\" class=\"feedzy-rss-link-icon\">Read More<\/a><\/p>","protected":false},"excerpt":{"rendered":"<p>Los fan\u00e1ticos no se quieren perder la gran final contra Atl\u00e9tico Mineiro que se jugar\u00e1&#8230;<\/p>\n","protected":false},"author":1,"featured_media":0,"comment_status":"open","ping_status":"open","sticky":false,"template":"","format":"standard","meta":{"footnotes":""},"categories":[6],"tags":[],"class_list":["post-50301","post","type-post","status-publish","format-standard","has-post-thumbnail","hentry","category-deportes"],"_links":{"self":[{"href":"https:\/\/masquenoticiastucuman.com.ar\/index.php?rest_route=\/wp\/v2\/posts\/50301","targetHints":{"allow":["GET"]}}],"collection":[{"href":"https:\/\/masquenoticiastucuman.com.ar\/index.php?rest_route=\/wp\/v2\/posts"}],"about":[{"href":"https:\/\/masquenoticiastucuman.com.ar\/index.php?rest_route=\/wp\/v2\/types\/post"}],"author":[{"embeddable":true,"href":"https:\/\/masquenoticiastucuman.com.ar\/index.php?rest_route=\/wp\/v2\/users\/1"}],"replies":[{"embeddable":true,"href":"https:\/\/masquenoticiastucuman.com.ar\/index.php?rest_route=%2Fwp%2Fv2%2Fcomments&post=50301"}],"version-history":[{"count":0,"href":"https:\/\/masquenoticiastucuman.com.ar\/index.php?rest_route=\/wp\/v2\/posts\/50301\/revisions"}],"wp:attachment":[{"href":"https:\/\/masquenoticiastucuman.com.ar\/index.php?rest_route=%2Fwp%2Fv2%2Fmedia&parent=50301"}],"wp:term":[{"taxonomy":"category","embeddable":true,"href":"https:\/\/masquenoticiastucuman.com.ar\/index.php?rest_route=%2Fwp%2Fv2%2Fcategories&post=50301"},{"taxonomy":"post_tag","embeddable":true,"href":"https:\/\/masquenoticiastucuman.com.ar\/index.php?rest_route=%2Fwp%2Fv2%2Ftags&post=50301"}],"curies":[{"name":"wp","href":"https:\/\/api.w.org\/{rel}","templated":true}]}}