{"id":50307,"date":"2025-11-21T17:00:05","date_gmt":"2025-11-21T20:00:05","guid":{"rendered":"http:\/\/masquenoticiastucuman.com.ar\/?p=50307"},"modified":"2025-11-21T17:00:05","modified_gmt":"2025-11-21T20:00:05","slug":"lanus-vs-atletico-mineiro-por-la-final-de-la-copa-sudamericana-cuando-juegan-a-que-hora-y-donde-ver-en-vivo","status":"publish","type":"post","link":"https:\/\/masquenoticiastucuman.com.ar\/?p=50307","title":{"rendered":"Lan\u00fas vs. Atl\u00e9tico Mineiro, por la final de la Copa Sudamericana: cu\u00e1ndo juegan, a qu\u00e9 hora y d\u00f3nde ver en vivo"},"content":{"rendered":"<ul>\n<li>Se medir\u00e1n en el estadio Defensores del Chaco por la final de la Copa Sudamericana 2025.<\/li>\n<li>El elenco granate va en busca de su tercer t\u00edtulo internacional.<\/li>\n<\/ul>\n<p>\u200bSe medir\u00e1n en el estadio Defensores del Chaco por la final de la Copa Sudamericana 2025.El elenco granate va en busca de su tercer t\u00edtulo internacional.\u00a0<a href=\"https:\/\/www.clarin.com\/deportes\/lanus-vs-atletico-mineiro-final-copa-sudamericana-juegan-hora-ver-vivo_0_N7rKBH2yPD.html\" target=\"_blank\" class=\"feedzy-rss-link-icon\">Read More<\/a><\/p>","protected":false},"excerpt":{"rendered":"<p>Se medir\u00e1n en el estadio Defensores del Chaco por la final de la Copa Sudamericana&#8230;<\/p>\n","protected":false},"author":1,"featured_media":0,"comment_status":"open","ping_status":"open","sticky":false,"template":"","format":"standard","meta":{"footnotes":""},"categories":[6],"tags":[],"class_list":["post-50307","post","type-post","status-publish","format-standard","has-post-thumbnail","hentry","category-deportes"],"_links":{"self":[{"href":"https:\/\/masquenoticiastucuman.com.ar\/index.php?rest_route=\/wp\/v2\/posts\/50307","targetHints":{"allow":["GET"]}}],"collection":[{"href":"https:\/\/masquenoticiastucuman.com.ar\/index.php?rest_route=\/wp\/v2\/posts"}],"about":[{"href":"https:\/\/masquenoticiastucuman.com.ar\/index.php?rest_route=\/wp\/v2\/types\/post"}],"author":[{"embeddable":true,"href":"https:\/\/masquenoticiastucuman.com.ar\/index.php?rest_route=\/wp\/v2\/users\/1"}],"replies":[{"embeddable":true,"href":"https:\/\/masquenoticiastucuman.com.ar\/index.php?rest_route=%2Fwp%2Fv2%2Fcomments&post=50307"}],"version-history":[{"count":0,"href":"https:\/\/masquenoticiastucuman.com.ar\/index.php?rest_route=\/wp\/v2\/posts\/50307\/revisions"}],"wp:attachment":[{"href":"https:\/\/masquenoticiastucuman.com.ar\/index.php?rest_route=%2Fwp%2Fv2%2Fmedia&parent=50307"}],"wp:term":[{"taxonomy":"category","embeddable":true,"href":"https:\/\/masquenoticiastucuman.com.ar\/index.php?rest_route=%2Fwp%2Fv2%2Fcategories&post=50307"},{"taxonomy":"post_tag","embeddable":true,"href":"https:\/\/masquenoticiastucuman.com.ar\/index.php?rest_route=%2Fwp%2Fv2%2Ftags&post=50307"}],"curies":[{"name":"wp","href":"https:\/\/api.w.org\/{rel}","templated":true}]}}