{"id":50308,"date":"2025-11-21T18:38:49","date_gmt":"2025-11-21T21:38:49","guid":{"rendered":"http:\/\/masquenoticiastucuman.com.ar\/?p=50308"},"modified":"2025-11-21T18:38:49","modified_gmt":"2025-11-21T21:38:49","slug":"marcha-atras-de-luis-caputo-ahora-jura-que-no-negocia-con-los-bancos","status":"publish","type":"post","link":"https:\/\/masquenoticiastucuman.com.ar\/?p=50308","title":{"rendered":"Marcha atr\u00e1s de Luis Caputo: ahora jura que no negocia con los bancos"},"content":{"rendered":"<p>El ministro rechaz\u00f3 esa posibilidad luego de que Bessent, hace un mes, y luego \u00e9l mismo, hablaran de US$ 20.000 millones extra de privados para reforzar las reservas.<\/p>\n<p>\u200bEl ministro rechaz\u00f3 esa posibilidad luego de que Bessent, hace un mes, y luego \u00e9l mismo, hablaran de US$ 20.000 millones extra de privados para reforzar las reservas.\u00a0<a href=\"https:\/\/www.clarin.com\/economia\/marcha-luis-caputo-ahora-jura-negocia-bancos_0_eadC9cUyEu.html\" target=\"_blank\" class=\"feedzy-rss-link-icon\">Read More<\/a><\/p>","protected":false},"excerpt":{"rendered":"<p>El ministro rechaz\u00f3 esa posibilidad luego de que Bessent, hace un mes, y luego \u00e9l&#8230;<\/p>\n","protected":false},"author":1,"featured_media":0,"comment_status":"open","ping_status":"open","sticky":false,"template":"","format":"standard","meta":{"footnotes":""},"categories":[3],"tags":[],"class_list":["post-50308","post","type-post","status-publish","format-standard","has-post-thumbnail","hentry","category-nacionales"],"_links":{"self":[{"href":"https:\/\/masquenoticiastucuman.com.ar\/index.php?rest_route=\/wp\/v2\/posts\/50308","targetHints":{"allow":["GET"]}}],"collection":[{"href":"https:\/\/masquenoticiastucuman.com.ar\/index.php?rest_route=\/wp\/v2\/posts"}],"about":[{"href":"https:\/\/masquenoticiastucuman.com.ar\/index.php?rest_route=\/wp\/v2\/types\/post"}],"author":[{"embeddable":true,"href":"https:\/\/masquenoticiastucuman.com.ar\/index.php?rest_route=\/wp\/v2\/users\/1"}],"replies":[{"embeddable":true,"href":"https:\/\/masquenoticiastucuman.com.ar\/index.php?rest_route=%2Fwp%2Fv2%2Fcomments&post=50308"}],"version-history":[{"count":0,"href":"https:\/\/masquenoticiastucuman.com.ar\/index.php?rest_route=\/wp\/v2\/posts\/50308\/revisions"}],"wp:attachment":[{"href":"https:\/\/masquenoticiastucuman.com.ar\/index.php?rest_route=%2Fwp%2Fv2%2Fmedia&parent=50308"}],"wp:term":[{"taxonomy":"category","embeddable":true,"href":"https:\/\/masquenoticiastucuman.com.ar\/index.php?rest_route=%2Fwp%2Fv2%2Fcategories&post=50308"},{"taxonomy":"post_tag","embeddable":true,"href":"https:\/\/masquenoticiastucuman.com.ar\/index.php?rest_route=%2Fwp%2Fv2%2Ftags&post=50308"}],"curies":[{"name":"wp","href":"https:\/\/api.w.org\/{rel}","templated":true}]}}