{"id":50330,"date":"2025-11-22T00:53:23","date_gmt":"2025-11-22T03:53:23","guid":{"rendered":"http:\/\/masquenoticiastucuman.com.ar\/?p=50330"},"modified":"2025-11-22T00:53:23","modified_gmt":"2025-11-22T03:53:23","slug":"la-afa-ahora-obliga-a-estudiantes-a-hacerle-un-pasillo-a-rosario-central-y-toviggino-se-burlo-de-veron","status":"publish","type":"post","link":"https:\/\/masquenoticiastucuman.com.ar\/?p=50330","title":{"rendered":"La AFA ahora obliga a Estudiantes a hacerle un &#8220;pasillo&#8221; a Rosario Central y Toviggino se burl\u00f3 de Ver\u00f3n"},"content":{"rendered":"<ul>\n<li>El Pincha deber\u00e1 recibir al campe\u00f3n anual con un homenaje en el Gigante de Arroyito, en medio de su disputa con la AFA por la designaci\u00f3n del t\u00edtulo. <\/li>\n<li>El pol\u00e9mico tesorero aprovech\u00f3 otra vez para volver a mofarse del presidente del Pincha. <\/li>\n<\/ul>\n<p>\u200bEl Pincha deber\u00e1 recibir al campe\u00f3n anual con un homenaje en el Gigante de Arroyito, en medio de su disputa con la AFA por la designaci\u00f3n del t\u00edtulo. El pol\u00e9mico tesorero aprovech\u00f3 otra vez para volver a mofarse del presidente del Pincha.\u00a0<a href=\"https:\/\/www.clarin.com\/deportes\/afa-ahora-obliga-estudiantes-hacerle-pasillo-rosario-central-toviggino-burlo-veron_0_ZzUAzKfGnV.html\" target=\"_blank\" class=\"feedzy-rss-link-icon\">Read More<\/a><\/p>","protected":false},"excerpt":{"rendered":"<p>El Pincha deber\u00e1 recibir al campe\u00f3n anual con un homenaje en el Gigante de Arroyito,&#8230;<\/p>\n","protected":false},"author":1,"featured_media":0,"comment_status":"open","ping_status":"open","sticky":false,"template":"","format":"standard","meta":{"footnotes":""},"categories":[6],"tags":[],"class_list":["post-50330","post","type-post","status-publish","format-standard","has-post-thumbnail","hentry","category-deportes"],"_links":{"self":[{"href":"https:\/\/masquenoticiastucuman.com.ar\/index.php?rest_route=\/wp\/v2\/posts\/50330","targetHints":{"allow":["GET"]}}],"collection":[{"href":"https:\/\/masquenoticiastucuman.com.ar\/index.php?rest_route=\/wp\/v2\/posts"}],"about":[{"href":"https:\/\/masquenoticiastucuman.com.ar\/index.php?rest_route=\/wp\/v2\/types\/post"}],"author":[{"embeddable":true,"href":"https:\/\/masquenoticiastucuman.com.ar\/index.php?rest_route=\/wp\/v2\/users\/1"}],"replies":[{"embeddable":true,"href":"https:\/\/masquenoticiastucuman.com.ar\/index.php?rest_route=%2Fwp%2Fv2%2Fcomments&post=50330"}],"version-history":[{"count":0,"href":"https:\/\/masquenoticiastucuman.com.ar\/index.php?rest_route=\/wp\/v2\/posts\/50330\/revisions"}],"wp:attachment":[{"href":"https:\/\/masquenoticiastucuman.com.ar\/index.php?rest_route=%2Fwp%2Fv2%2Fmedia&parent=50330"}],"wp:term":[{"taxonomy":"category","embeddable":true,"href":"https:\/\/masquenoticiastucuman.com.ar\/index.php?rest_route=%2Fwp%2Fv2%2Fcategories&post=50330"},{"taxonomy":"post_tag","embeddable":true,"href":"https:\/\/masquenoticiastucuman.com.ar\/index.php?rest_route=%2Fwp%2Fv2%2Ftags&post=50330"}],"curies":[{"name":"wp","href":"https:\/\/api.w.org\/{rel}","templated":true}]}}