{"id":50332,"date":"2025-11-22T03:18:09","date_gmt":"2025-11-22T06:18:09","guid":{"rendered":"http:\/\/masquenoticiastucuman.com.ar\/?p=50332"},"modified":"2025-11-22T03:18:09","modified_gmt":"2025-11-22T06:18:09","slug":"el-oficialismo-corre-cabeza-a-cabeza-y-suena-con-arrebatarle-la-primera-minoria-al-peronismo","status":"publish","type":"post","link":"https:\/\/masquenoticiastucuman.com.ar\/?p=50332","title":{"rendered":"El oficialismo corre cabeza a cabeza y sue\u00f1a con arrebatarle la primera minor\u00eda al peronismo"},"content":{"rendered":"<p>La elecci\u00f3n del 26 de octubre es lo m\u00e1s parecido a una elecci\u00f3n parlamentaria a la europea. Los triunfos y las derrotas se validar\u00e1n despu\u00e9s del 10 de diciembre.<\/p>\n<p>\u200bLa elecci\u00f3n del 26 de octubre es lo m\u00e1s parecido a una elecci\u00f3n parlamentaria a la europea. Los triunfos y las derrotas se validar\u00e1n despu\u00e9s del 10 de diciembre.\u00a0<a href=\"https:\/\/www.clarin.com\/economia\/oficialismo-corre-cabeza-cabeza-suena-arrebatarle-primera-minoria-peronismo_0_TVBIZ5hy9N.html\" target=\"_blank\" class=\"feedzy-rss-link-icon\">Read More<\/a><\/p>","protected":false},"excerpt":{"rendered":"<p>La elecci\u00f3n del 26 de octubre es lo m\u00e1s parecido a una elecci\u00f3n parlamentaria a&#8230;<\/p>\n","protected":false},"author":1,"featured_media":0,"comment_status":"open","ping_status":"open","sticky":false,"template":"","format":"standard","meta":{"footnotes":""},"categories":[3],"tags":[],"class_list":["post-50332","post","type-post","status-publish","format-standard","has-post-thumbnail","hentry","category-nacionales"],"_links":{"self":[{"href":"https:\/\/masquenoticiastucuman.com.ar\/index.php?rest_route=\/wp\/v2\/posts\/50332","targetHints":{"allow":["GET"]}}],"collection":[{"href":"https:\/\/masquenoticiastucuman.com.ar\/index.php?rest_route=\/wp\/v2\/posts"}],"about":[{"href":"https:\/\/masquenoticiastucuman.com.ar\/index.php?rest_route=\/wp\/v2\/types\/post"}],"author":[{"embeddable":true,"href":"https:\/\/masquenoticiastucuman.com.ar\/index.php?rest_route=\/wp\/v2\/users\/1"}],"replies":[{"embeddable":true,"href":"https:\/\/masquenoticiastucuman.com.ar\/index.php?rest_route=%2Fwp%2Fv2%2Fcomments&post=50332"}],"version-history":[{"count":0,"href":"https:\/\/masquenoticiastucuman.com.ar\/index.php?rest_route=\/wp\/v2\/posts\/50332\/revisions"}],"wp:attachment":[{"href":"https:\/\/masquenoticiastucuman.com.ar\/index.php?rest_route=%2Fwp%2Fv2%2Fmedia&parent=50332"}],"wp:term":[{"taxonomy":"category","embeddable":true,"href":"https:\/\/masquenoticiastucuman.com.ar\/index.php?rest_route=%2Fwp%2Fv2%2Fcategories&post=50332"},{"taxonomy":"post_tag","embeddable":true,"href":"https:\/\/masquenoticiastucuman.com.ar\/index.php?rest_route=%2Fwp%2Fv2%2Ftags&post=50332"}],"curies":[{"name":"wp","href":"https:\/\/api.w.org\/{rel}","templated":true}]}}