{"id":50336,"date":"2025-11-22T05:00:09","date_gmt":"2025-11-22T08:00:09","guid":{"rendered":"http:\/\/masquenoticiastucuman.com.ar\/?p=50336"},"modified":"2025-11-22T05:00:09","modified_gmt":"2025-11-22T08:00:09","slug":"lanus-vs-atletico-mineiro-por-la-final-de-la-copa-sudamericana-el-granate-y-sus-fortalezas-para-sonar-y-seguir-el-legado-de-dos-grandes-maestros","status":"publish","type":"post","link":"https:\/\/masquenoticiastucuman.com.ar\/?p=50336","title":{"rendered":"Lan\u00fas vs Atl\u00e9tico Mineiro, por la final de la Copa Sudamericana: el Granate y sus fortalezas para so\u00f1ar y seguir el legado de dos grandes maestros"},"content":{"rendered":"<ul>\n<li>Disputar\u00e1 esta tarde ante Atl\u00e9tico Mineiro su sexta final internacional en los \u00faltimos 15 a\u00f1os.<\/li>\n<li>Comienza a dejar el mote de &#8220;equipo chico&#8221; y compite al mismo nivel que los grandes.<\/li>\n<li>Gabriel Schurrer, granate por adopci\u00f3n, la explic\u00f3 a Clar\u00edn la importancia de Miguel Russo y resalt\u00f3 la figura de Cabrero.<\/li>\n<\/ul>\n<p>\u200bDisputar\u00e1 esta tarde ante Atl\u00e9tico Mineiro su sexta final internacional en los \u00faltimos 15 a\u00f1os.Comienza a dejar el mote de &#8220;equipo chico&#8221; y compite al mismo nivel que los grandes.Gabriel Schurrer, granate por adopci\u00f3n, la explic\u00f3 a Clar\u00edn la importancia de Miguel Russo y resalt\u00f3 la figura de Cabrero.\u00a0<a href=\"https:\/\/www.clarin.com\/deportes\/lanus-vs-atletico-mineiro-final-copa-sudamericana-granate-fortalezas-sonar-seguir-legado-grandes-maestros_0_gO2uVVX9wS.html\" target=\"_blank\" class=\"feedzy-rss-link-icon\">Read More<\/a><\/p>","protected":false},"excerpt":{"rendered":"<p>Disputar\u00e1 esta tarde ante Atl\u00e9tico Mineiro su sexta final internacional en los \u00faltimos 15 a\u00f1os&#8230;.<\/p>\n","protected":false},"author":1,"featured_media":0,"comment_status":"open","ping_status":"open","sticky":false,"template":"","format":"standard","meta":{"footnotes":""},"categories":[6],"tags":[],"class_list":["post-50336","post","type-post","status-publish","format-standard","has-post-thumbnail","hentry","category-deportes"],"_links":{"self":[{"href":"https:\/\/masquenoticiastucuman.com.ar\/index.php?rest_route=\/wp\/v2\/posts\/50336","targetHints":{"allow":["GET"]}}],"collection":[{"href":"https:\/\/masquenoticiastucuman.com.ar\/index.php?rest_route=\/wp\/v2\/posts"}],"about":[{"href":"https:\/\/masquenoticiastucuman.com.ar\/index.php?rest_route=\/wp\/v2\/types\/post"}],"author":[{"embeddable":true,"href":"https:\/\/masquenoticiastucuman.com.ar\/index.php?rest_route=\/wp\/v2\/users\/1"}],"replies":[{"embeddable":true,"href":"https:\/\/masquenoticiastucuman.com.ar\/index.php?rest_route=%2Fwp%2Fv2%2Fcomments&post=50336"}],"version-history":[{"count":0,"href":"https:\/\/masquenoticiastucuman.com.ar\/index.php?rest_route=\/wp\/v2\/posts\/50336\/revisions"}],"wp:attachment":[{"href":"https:\/\/masquenoticiastucuman.com.ar\/index.php?rest_route=%2Fwp%2Fv2%2Fmedia&parent=50336"}],"wp:term":[{"taxonomy":"category","embeddable":true,"href":"https:\/\/masquenoticiastucuman.com.ar\/index.php?rest_route=%2Fwp%2Fv2%2Fcategories&post=50336"},{"taxonomy":"post_tag","embeddable":true,"href":"https:\/\/masquenoticiastucuman.com.ar\/index.php?rest_route=%2Fwp%2Fv2%2Ftags&post=50336"}],"curies":[{"name":"wp","href":"https:\/\/api.w.org\/{rel}","templated":true}]}}